{"id":32740,"date":"2013-06-10T11:08:04","date_gmt":"2013-06-10T09:08:04","guid":{"rendered":"https:\/\/www.freiburg-schwarzwald.de\/blog\/?p=32740"},"modified":"2013-06-15T11:18:36","modified_gmt":"2013-06-15T09:18:36","slug":"hochwasser-donau-elbe-2013","status":"publish","type":"post","link":"https:\/\/www.freiburg-schwarzwald.de\/blog\/hochwasser-donau-elbe-2013\/","title":{"rendered":"Hochwasser Donau Elbe 2013"},"content":{"rendered":"<p>Der Mai 2013 war\u00a0ungew\u00f6hnlich nass, die Erde vollgesogen mit Wasser. Die Niederschlagsmenge lag 178 Prozent \u00fcber dem langj\u00e4hrigen Schnitt. Schuld\u00a0ein Tiefdruckgebiet \u00fcber Mitteleuropa, das st\u00e4ndig feucht-warme Luftmassen anzieht, die dann abregnen. Anfang Juni dann die Katastrophe: <a title=\"Hochwasser\" href=\"https:\/\/www.freiburg-schwarzwald.de\/blog\/natur\/wasser\/hochwasser\/\">\u00dcberschwemmungen<\/a> an der Donau in\u00a0Bayern\u00a0und \u00d6sterreich sowie an der Elbe in Tschechien, Sachsen, Th\u00fcringen, Niedersachsen usw. <!--more--><!-- RSPEAK_STOP --><\/p>\n<p><strong><br \/>\nGebt den &#8222;Soli&#8220; den Betroffenen!<br \/>\n<\/strong>Es ist augenblicklich so, dass die Menschen im Osten, die viel oder alles verloren haben, dringend Geld ben\u00f6tigen. Wie w\u00e4re es, den Solidarit\u00e4tszuschlag allen Betroffenen zukommen zu lassen? Das ist doch Solidarit\u00e4t im besten Sinne. Tatsache ist doch, dass der &#8222;Soli&#8220; nicht immer da ankommt, wo er hin soll und den Politikern hinterher geschmissen wird. Ich bin \u00fcberzeugt, dass noch viele Menschen denken so, wie ich.<br \/>\n14.6.2013, Richard Sch\u00fcler, Breisach-Oberrimsingen <!-- RSPEAK_STOP --><\/p>\n","protected":false},"excerpt":{"rendered":"<p>Der Mai 2013 war\u00a0ungew\u00f6hnlich nass, die Erde vollgesogen mit Wasser. Die Niederschlagsmenge lag 178 Prozent \u00fcber dem langj\u00e4hrigen Schnitt. Schuld\u00a0ein Tiefdruckgebiet \u00fcber Mitteleuropa, das st\u00e4ndig feucht-warme Luftmassen anzieht, die dann abregnen. Anfang Juni dann die Katastrophe: \u00dcberschwemmungen an der Donau &hellip; <a href=\"https:\/\/www.freiburg-schwarzwald.de\/blog\/hochwasser-donau-elbe-2013\/\">Weiterlesen <span class=\"meta-nav\">&rarr;<\/span><\/a><\/p>\n","protected":false},"author":4,"featured_media":0,"comment_status":"open","ping_status":"closed","sticky":false,"template":"","format":"standard","meta":{"footnotes":""},"categories":[378,12,242],"tags":[241,142],"class_list":["post-32740","post","type-post","status-publish","format-standard","hentry","category-fluss","category-natur","category-wasser","tag-grundwasser","tag-renaturierung"],"_links":{"self":[{"href":"https:\/\/www.freiburg-schwarzwald.de\/blog\/wp-json\/wp\/v2\/posts\/32740","targetHints":{"allow":["GET"]}}],"collection":[{"href":"https:\/\/www.freiburg-schwarzwald.de\/blog\/wp-json\/wp\/v2\/posts"}],"about":[{"href":"https:\/\/www.freiburg-schwarzwald.de\/blog\/wp-json\/wp\/v2\/types\/post"}],"author":[{"embeddable":true,"href":"https:\/\/www.freiburg-schwarzwald.de\/blog\/wp-json\/wp\/v2\/users\/4"}],"replies":[{"embeddable":true,"href":"https:\/\/www.freiburg-schwarzwald.de\/blog\/wp-json\/wp\/v2\/comments?post=32740"}],"version-history":[{"count":0,"href":"https:\/\/www.freiburg-schwarzwald.de\/blog\/wp-json\/wp\/v2\/posts\/32740\/revisions"}],"wp:attachment":[{"href":"https:\/\/www.freiburg-schwarzwald.de\/blog\/wp-json\/wp\/v2\/media?parent=32740"}],"wp:term":[{"taxonomy":"category","embeddable":true,"href":"https:\/\/www.freiburg-schwarzwald.de\/blog\/wp-json\/wp\/v2\/categories?post=32740"},{"taxonomy":"post_tag","embeddable":true,"href":"https:\/\/www.freiburg-schwarzwald.de\/blog\/wp-json\/wp\/v2\/tags?post=32740"}],"curies":[{"name":"wp","href":"https:\/\/api.w.org\/{rel}","templated":true}]}}