{"id":32710,"date":"2013-06-14T17:38:08","date_gmt":"2013-06-14T15:38:08","guid":{"rendered":"https:\/\/www.freiburg-schwarzwald.de\/blog\/?p=32710"},"modified":"2013-06-14T17:40:04","modified_gmt":"2013-06-14T15:40:04","slug":"mikixx-hilft-migrantenkindern","status":"publish","type":"post","link":"https:\/\/www.freiburg-schwarzwald.de\/blog\/mikixx-hilft-migrantenkindern\/","title":{"rendered":"MiKiXX hilft Migrantenkindern"},"content":{"rendered":"<p>MiKiXX ist ein eingetragener gemeinn\u00fctziger Verein zur F\u00f6rderung begabter <a title=\"Migration\" href=\"https:\/\/www.freiburg-schwarzwald.de\/blog\/global\/migration\/\">Migrantenkinder<\/a> in der Grundschule. Das <a title=\"Bildung\" href=\"https:\/\/www.freiburg-schwarzwald.de\/blog\/bildung\/\">Potential<\/a> der Kinder aus Zuwandererfamilien ist ein Schatz, der f\u00fcr die jungen Menschen, f\u00fcr Ihre Eltern und f\u00fcr den Arbeitsmarkt in Deutschland gehoben sein will.\u00a0\u00a0MiKiXX\u00a0sucht ehemalige oder k\u00fcnftige <a title=\"Lehrer\" href=\"https:\/\/www.freiburg-schwarzwald.de\/blog\/bildung\/lehrer\/\">Lehrer<\/a> oder anderweitige P\u00e4dagogen.<!--more--><\/p>\n<p><strong><br \/>\nErfolsgeschichten gibts regelm\u00e4\u00dfig<\/strong><br \/>\nIn den vergangenen sieben Jahren haben die derzeit 21 &#8222;Mikixx&#8220;-Engagierten dazu beigetragen, dass fast zwei Drittel der &#8222;Mikixx&#8220;-Kinder aufs Gymnasium gehen konnten. Laut &#8222;Mikixx&#8220; sind das fast doppelt so viele wie es nach dem Freiburger Bildungsbericht 2010 bei Kindern mit Migrationshintergrund \u00fcblich ist. Waltraud Brenzinger kn\u00fcpft mit &#8222;Mikixx&#8220; an das an, was sie immer tat: Vor sieben Jahren ging sie in Rente, davor hat sie ihr Leben lang Kinder unterrichtet,\u00a0&#8230;. Alles vom 14.6.2013 bitte lesen auf<br \/>\n<a href=\"https:\/\/www.badische-zeitung.de\/freiburg-suedwest\/erfolgsgeschichten-gibt-s-regelmaessig--72734615.html\">https:\/\/www.badische-zeitung.de\/freiburg-suedwest\/erfolgsgeschichten-gibt-s-regelmaessig&#8211;72734615.html<\/a><\/p>\n<p>&nbsp;<\/p>\n<p><strong>MiKiXX, Verein zur F\u00f6rderung von begabten Migrantenkindern in der Grundschule e.V<\/strong>.,<br \/>\nVorstandsvorsitzende: Frau Marita Steinberg-K\u00f6nig<br \/>\nAm M\u00fchlebuck 10b, 79249 Merzhausen, Tel. 0761 405998<br \/>\n<a href=\"mailto:info@mikixx.de\">info@mikixx.de<\/a> , <a href=\"https:\/\/www.mikixx.de\">www.mikixx.de<\/a><\/p>\n","protected":false},"excerpt":{"rendered":"<p>MiKiXX ist ein eingetragener gemeinn\u00fctziger Verein zur F\u00f6rderung begabter Migrantenkinder in der Grundschule. Das Potential der Kinder aus Zuwandererfamilien ist ein Schatz, der f\u00fcr die jungen Menschen, f\u00fcr Ihre Eltern und f\u00fcr den Arbeitsmarkt in Deutschland gehoben sein will.\u00a0\u00a0MiKiXX\u00a0sucht ehemalige &hellip; <a href=\"https:\/\/www.freiburg-schwarzwald.de\/blog\/mikixx-hilft-migrantenkindern\/\">Weiterlesen <span class=\"meta-nav\">&rarr;<\/span><\/a><\/p>\n","protected":false},"author":4,"featured_media":0,"comment_status":"open","ping_status":"closed","sticky":false,"template":"","format":"standard","meta":{"footnotes":""},"categories":[18,104,155,61],"tags":[359,363],"class_list":["post-32710","post","type-post","status-publish","format-standard","hentry","category-bildung","category-hilfe","category-integration","category-kinder","tag-inklusion","tag-lernen"],"_links":{"self":[{"href":"https:\/\/www.freiburg-schwarzwald.de\/blog\/wp-json\/wp\/v2\/posts\/32710","targetHints":{"allow":["GET"]}}],"collection":[{"href":"https:\/\/www.freiburg-schwarzwald.de\/blog\/wp-json\/wp\/v2\/posts"}],"about":[{"href":"https:\/\/www.freiburg-schwarzwald.de\/blog\/wp-json\/wp\/v2\/types\/post"}],"author":[{"embeddable":true,"href":"https:\/\/www.freiburg-schwarzwald.de\/blog\/wp-json\/wp\/v2\/users\/4"}],"replies":[{"embeddable":true,"href":"https:\/\/www.freiburg-schwarzwald.de\/blog\/wp-json\/wp\/v2\/comments?post=32710"}],"version-history":[{"count":0,"href":"https:\/\/www.freiburg-schwarzwald.de\/blog\/wp-json\/wp\/v2\/posts\/32710\/revisions"}],"wp:attachment":[{"href":"https:\/\/www.freiburg-schwarzwald.de\/blog\/wp-json\/wp\/v2\/media?parent=32710"}],"wp:term":[{"taxonomy":"category","embeddable":true,"href":"https:\/\/www.freiburg-schwarzwald.de\/blog\/wp-json\/wp\/v2\/categories?post=32710"},{"taxonomy":"post_tag","embeddable":true,"href":"https:\/\/www.freiburg-schwarzwald.de\/blog\/wp-json\/wp\/v2\/tags?post=32710"}],"curies":[{"name":"wp","href":"https:\/\/api.w.org\/{rel}","templated":true}]}}