{"id":32583,"date":"2013-06-11T19:41:45","date_gmt":"2013-06-11T17:41:45","guid":{"rendered":"https:\/\/www.freiburg-schwarzwald.de\/blog\/?p=32583"},"modified":"2013-06-11T19:42:20","modified_gmt":"2013-06-11T17:42:20","slug":"markt-der-nachhaltigkeit-fr","status":"publish","type":"post","link":"https:\/\/www.freiburg-schwarzwald.de\/blog\/markt-der-nachhaltigkeit-fr\/","title":{"rendered":"Markt der Nachhaltigkeit FR"},"content":{"rendered":"<p>Am\u00a0Samstag\u00a015.6.2013 startet um 11 Uhr auf dem Freiburger <a title=\"Rathaus\" href=\"https:\/\/www.freiburg-schwarzwald.de\/blog\/regio\/freiburg\/rathaus\/\">Rathausplatz<\/a> die Woche der <a title=\"Nachhaltigkeit\" href=\"https:\/\/www.freiburg-schwarzwald.de\/blog\/natur\/klima\/nachhaltigkeit\/\">Nachhaltigkeit<\/a> des Landes\u00a0Baden-W\u00fcrttemberg mit einem <a title=\"Markt\" href=\"https:\/\/www.freiburg-schwarzwald.de\/blog\/business\/markt\/\">Markt<\/a> der Nachhaltigkeit.\u00a0Dabei erwartet die Besucherinnen und Besucher ein vielseitiges Programm, bei dem <a title=\"Stadtfreiburg\" href=\"https:\/\/www.freiburg-schwarzwald.de\/blog\/regio\/freiburg\/stadtfreiburg\/\">st\u00e4dtische \u00c4mter und Einrichtungen <\/a>das Thema Nachhaltigkeit erlebbar machen und ganz praktische Dinge erl\u00e4utern. Freiburger <a title=\"Agenda\" href=\"https:\/\/www.freiburg-schwarzwald.de\/blog\/engagement\/zukunft\/agenda\/\">Agenda<\/a>-Gruppen <!--more-->und Initiativen stellen bei einem abwechslungsreichen B\u00fchnenprogramm Ihre Aktivit\u00e4ten vor, auch verschiedene unserer Nutzergruppen. Im Neuen Ratssaal finden Vortr\u00e4ge \u00fcber Klimawandel und Energiewende statt. Auf einer Fahrradtour* kann man Freiburger Leuchtturmprojekten zur Nachhaltigkeit kennen lernen. Oberb\u00fcrgermeister Dr. Dieter Salomon und Umweltminister Franz Untersteller werden die Tour um 13 Uhr mit Interessierten abfahren.<\/p>\n<p>Das Land und die Stadt Freiburg wollen mit den Aktionen B\u00fcrgerinnen und B\u00fcrger einladen, das Thema Nachhaltigkeit in seinen unterschiedlichen Facetten kennen zu lernen. Viele weitere Veranstaltungen und Aktionen finden in der darauffolgenden\u00a0 Woche statt: Das Waldhaus bietet am *Sonntag, den 16. Juni eine Ausstellung und gef\u00fchrte Spazierg\u00e4nge* an. Auf dem Gel\u00e4nde der Friedrich-Weinbrenner-Gewerbeschule macht as*Expeditionsmobil der Baden-W\u00fcrttemberg Stiftung* Station und zum\u00a0Abschluss der Woche l\u00e4sst das *Freiburg Scientific Theater am 21. Juni um 16.30 Uhr* in Kooperation mit dem Stadttheater und der Universit\u00e4t Freiburg Wissenschaft und Kunst in einer Open Air Vorf\u00fchrung vor dem Stadttheater verschmelzen. In ihrem deutsch- und englischsprachigen<br \/>\nSt\u00fcck &#8222;A Compass to Sustainability&#8220; begeben sich die Darsteller mit Witz und Dramaturgie auf die Suche nach Nachhaltigkeit. Alle Freiburger Termine und das Programmfaltblatt finden Sie auch auf der Website des Freiburger Nachhaltigkeitsmanagements: <a href=\"https:\/\/www.freiburg.de\/nachhaltigkeitsmanagement\">https:\/\/www.freiburg.de\/nachhaltigkeitsmanagement<\/a><br \/>\n11.6.2013, <a title=\"Treffpunkt\" href=\"https:\/\/www.freiburg-schwarzwald.de\/blog\/engagement\/treffpunkt\/\">Treffpunkt Freiburg<\/a><\/p>\n","protected":false},"excerpt":{"rendered":"<p>Am\u00a0Samstag\u00a015.6.2013 startet um 11 Uhr auf dem Freiburger Rathausplatz die Woche der Nachhaltigkeit des Landes\u00a0Baden-W\u00fcrttemberg mit einem Markt der Nachhaltigkeit.\u00a0Dabei erwartet die Besucherinnen und Besucher ein vielseitiges Programm, bei dem st\u00e4dtische \u00c4mter und Einrichtungen das Thema Nachhaltigkeit erlebbar machen und &hellip; <a href=\"https:\/\/www.freiburg-schwarzwald.de\/blog\/markt-der-nachhaltigkeit-fr\/\">Weiterlesen <span class=\"meta-nav\">&rarr;<\/span><\/a><\/p>\n","protected":false},"author":4,"featured_media":0,"comment_status":"open","ping_status":"closed","sticky":false,"template":"","format":"standard","meta":{"footnotes":""},"categories":[135,36],"tags":[151,739,41],"class_list":["post-32583","post","type-post","status-publish","format-standard","hentry","category-energiepolitik","category-engagement","tag-erneuerbare-energien","tag-markt","tag-nachhaltig"],"_links":{"self":[{"href":"https:\/\/www.freiburg-schwarzwald.de\/blog\/wp-json\/wp\/v2\/posts\/32583","targetHints":{"allow":["GET"]}}],"collection":[{"href":"https:\/\/www.freiburg-schwarzwald.de\/blog\/wp-json\/wp\/v2\/posts"}],"about":[{"href":"https:\/\/www.freiburg-schwarzwald.de\/blog\/wp-json\/wp\/v2\/types\/post"}],"author":[{"embeddable":true,"href":"https:\/\/www.freiburg-schwarzwald.de\/blog\/wp-json\/wp\/v2\/users\/4"}],"replies":[{"embeddable":true,"href":"https:\/\/www.freiburg-schwarzwald.de\/blog\/wp-json\/wp\/v2\/comments?post=32583"}],"version-history":[{"count":0,"href":"https:\/\/www.freiburg-schwarzwald.de\/blog\/wp-json\/wp\/v2\/posts\/32583\/revisions"}],"wp:attachment":[{"href":"https:\/\/www.freiburg-schwarzwald.de\/blog\/wp-json\/wp\/v2\/media?parent=32583"}],"wp:term":[{"taxonomy":"category","embeddable":true,"href":"https:\/\/www.freiburg-schwarzwald.de\/blog\/wp-json\/wp\/v2\/categories?post=32583"},{"taxonomy":"post_tag","embeddable":true,"href":"https:\/\/www.freiburg-schwarzwald.de\/blog\/wp-json\/wp\/v2\/tags?post=32583"}],"curies":[{"name":"wp","href":"https:\/\/api.w.org\/{rel}","templated":true}]}}