{"id":32450,"date":"2013-06-10T13:17:24","date_gmt":"2013-06-10T11:17:24","guid":{"rendered":"https:\/\/www.freiburg-schwarzwald.de\/blog\/?p=32450"},"modified":"2013-06-10T17:23:04","modified_gmt":"2013-06-10T15:23:04","slug":"akw-muss-in-eu-staatsbilanzen","status":"publish","type":"post","link":"https:\/\/www.freiburg-schwarzwald.de\/blog\/akw-muss-in-eu-staatsbilanzen\/","title":{"rendered":"AKW muss in EU-Staatsbilanzen"},"content":{"rendered":"<p>Derzeit tauchen <a title=\"AKW\" href=\"https:\/\/www.freiburg-schwarzwald.de\/blog\/energie\/akw\/\">Kernkraftwerke<\/a>, Atom-U-Boote und Atombomben in den Bilanzen der einzelnen <a title=\"EU\" href=\"https:\/\/www.freiburg-schwarzwald.de\/blog\/global\/eu\/\">EU<\/a>-Staaten \u00fcberhaupt nicht auf. Erst wenn diese Risiken mit\u00a0Kosten f\u00fcr\u00a0Entsorgung und Endlagerung betriebswirtschaftlich korrekt bilanziert sind, haben die<a title=\"EU-Banken\" href=\"https:\/\/www.freiburg-schwarzwald.de\/blog\/global\/eu\/eu-banken\/\">\u00a0Finanzm\u00e4rkte<\/a>\u00a0einen\u00a0objektiveren Blick auf die <a title=\"Finanzsystem\" href=\"https:\/\/www.freiburg-schwarzwald.de\/blog\/global\/finanzsystem\/\">Kreditw\u00fcrdigkeit<\/a> der Staaten. Nun scheiterte der Versuch, alle EU-Staaten auf die neuen Bilanzierungsstandards IPSAS\u00a0einzuschw\u00f6ren.<!--more--><\/p>\n<p><a href=\"https:\/\/epp.eurostat.ec.europa.eu\/portal\/page\/portal\/conferences\/introduction\/2013\/epsas\">https:\/\/epp.eurostat.ec.europa.eu\/portal\/page\/portal\/conferences\/introduction\/2013\/epsas<\/a><br \/>\n<strong>Der Atomausstieg geh\u00f6rt in die Staatsbilanzen<\/strong><br \/>\nEine Frage hatte auf der Eurostat-Konferenz keiner der 250 Teilnehmer gestellt: Wenn die IPSAS-Standards aus New York so &#8222;undisputable&#8220; (EU-Kommission) sind, warum werden sie dann nicht zuerst in den USA eingef\u00fchrt? Wenn die dortigen Kernkraftwerke, Atom-U-Boote und Atombomben betriebswirtschaftlich korrekt mit ihren Entsorgungs- und Endlagerungskosten bilanziert w\u00fcrden, k\u00f6nnten doch die Finanzm\u00e4rkte einen neuen, objektiven Blick auf die Kreditw\u00fcrdigkeit des mit AAA bewerteten Mutterlandes der internationalen Bilanzierungsstandards werfen. Dass dies nicht geschieht, zeigt, dass der Kapitalismus sich immer wieder selbst ein Bein stellt, indem er Forderungen an Transparenz, Chancengleichheit und Markt\u00f6ffnung stellt, die seine Hauptprotagonisten nicht erf\u00fcllen k\u00f6nnen und wollen. &#8230;..<br \/>\nAlles vom 10.6.2013 bitte lesen auf<br \/>\n<a href=\"https:\/\/www.heise.de\/tp\/artikel\/39\/39239\/1.html\">https:\/\/www.heise.de\/tp\/artikel\/39\/39239\/1.html<\/a>\u00a0<\/p>\n<p>&nbsp;<\/p>\n<div>\n<p><strong>Eurostat als neutrale Beh\u00f6rde<\/strong><br \/>\nAls Eurostat-User muss ich feststellen, dass ich keine Beh\u00f6rde kenne, die schneller und besser aktuelle Zahlen liefert als Ihre. Die Europ\u00e4ische Kommission scheint die Zahlen aber systematisch zu ignorieren. Was spricht dagegen, wenn Eurostat selbst mit interpretiert? Es kann sich ja immer noch jeder sein eigenes Bild machen.<br \/>\nWalter Radermacher: Die Rolle und Verantwortlichkeiten von Eurostat sind in der EU-Gesetzgebung festgelegt. Eurostat ver\u00f6ffentlicht europ\u00e4ische Statistiken ausdr\u00fccklich in einer unabh\u00e4ngigen und neutralen Weise. F\u00fcr die sozio-\u00f6konomische Interpretation der Daten sind die Generaldirektionen der Kommission zust\u00e4ndig. Indem die Daten jedem zug\u00e4nglich sind, erm\u00f6glicht Eurostat jedem &#8211; wie Sie bereits erw\u00e4hnt haben &#8211; sich sein eigenes Bild zu machen. &#8230;.<br \/>\nGesamtes Interview &#8222;F\u00fcr die sozio-\u00f6konomische Interpretation der Daten sind die Generaldirektionen der Kommission zust\u00e4ndig&#8220; mit Eurostat-Generaldirektor Walter Radermacher vom 10.6.2013 bitte lesen auf<br \/>\n<a href=\"https:\/\/www.heise.de\/tp\/artikel\/39\/39241\/1.html\">https:\/\/www.heise.de\/tp\/artikel\/39\/39241\/1.html<\/a>\u00a0<br \/>\n<a href=\"https:\/\/epp.eurostat.ec.europa.eu\/portal\/page\/portal\/eurostat\/home\/\">https:\/\/epp.eurostat.ec.europa.eu\/portal\/page\/portal\/eurostat\/home\/<\/a>\u00a0<\/p>\n<\/div>\n<p>\u00a0\u00a0\u00a0\u00a0<\/p>\n<p><strong>Bilanzierungsstandards IPSAS bzw. EPSAS sollen Risiken der EU-Saaten transparenter machen<\/strong><\/p>\n<div>\n<p><strong>IPSAS<\/strong> (International Public Sector Accounting Standards) sind von der in New York beheimateten Weltorganisation der Wirtschaftspr\u00fcfer erarbeitete Standards nach dem Vorbild der Bilanzen b\u00f6rsennotierter Unternehmen nach den IFRS-Standards (International Financial Reporting Standards). Kritiker halten beide Standards f\u00fcr undemokratisch und zu kostenintensiv.<\/p>\n<p><strong>EPSAS<\/strong> (European Public Sector Accounting Standards) sind eine europ\u00e4ische Version der IPSAS. Diese soll auch sozialpolitische und gesellschaftliche Belange ber\u00fccksichtigen und die Staatseinnahmen st\u00e4rker in den Vordergrund stellen. F\u00fcr die Erarbeitung der EPSAS soll ein demokratisch legitimiertes Gremium gebildet werden. Die jungen deutschen Finanzwissenschaftler Andreas Burth (Uni Hamburg) und Professor Dennis Hilgers (Universit\u00e4t Linz) sind die Pioniere der EPSAS-Einf\u00fchrung in Deutschland und betreiben die Webseite <a href=\"https:\/\/www.epsas.eu\/\">EPSAS.eu<\/a>.<\/p>\n<p>Ergebnisse der neuen Bilanzierung von Staaten \u00fcber IPSAS bzw. EPSAS:<br \/>\nViele Staaten kennen ihre Verm\u00f6gen und den Wert ihrer Infrastruktur und Ressourcen nicht. Allerdings k\u00f6nnte durch die Aufdeckung von Verm\u00f6gen auch neuer Privatisierungsdruck entstehen. In der neuen Bilanz werden Schulden als Passiva den Verm\u00f6gen als Aktiva gegen\u00fcber gestellt.<br \/>\nViele Staaten weisen ihre Zukunftsbelastungen etwa f\u00fcr Pensionen und die Endlagerung von Atomm\u00fcll nicht aus. Nachteil: Die neue Transparenz k\u00f6nnte die Bonit\u00e4t drastisch verschlechtern. Auch die deutschen B\u00fcrgschaftsrisiken f\u00fcr andere EU-Staaten w\u00fcrden auf einmal zur Belastung der Bilanz.<br \/>\nViele Staaten sch\u00e4tzen die Risiken ihrer Investitionen nicht ein, etwa beim Flughafen Berlin-Brandenburg, den Drohnen oder der Elbphilharmonie. Wenn Investitionen als Wirtschaftsg\u00fcter bilanziert werden, muss auch deren Abschreibung oder Totalverlust ausgewiesen werden.<\/p>\n<\/div>\n","protected":false},"excerpt":{"rendered":"<p>Derzeit tauchen Kernkraftwerke, Atom-U-Boote und Atombomben in den Bilanzen der einzelnen EU-Staaten \u00fcberhaupt nicht auf. Erst wenn diese Risiken mit\u00a0Kosten f\u00fcr\u00a0Entsorgung und Endlagerung betriebswirtschaftlich korrekt bilanziert sind, haben die\u00a0Finanzm\u00e4rkte\u00a0einen\u00a0objektiveren Blick auf die Kreditw\u00fcrdigkeit der Staaten. Nun scheiterte der Versuch, alle &hellip; <a href=\"https:\/\/www.freiburg-schwarzwald.de\/blog\/akw-muss-in-eu-staatsbilanzen\/\">Weiterlesen <span class=\"meta-nav\">&rarr;<\/span><\/a><\/p>\n","protected":false},"author":4,"featured_media":0,"comment_status":"open","ping_status":"closed","sticky":false,"template":"","format":"standard","meta":{"footnotes":""},"categories":[195,186],"tags":[163],"class_list":["post-32450","post","type-post","status-publish","format-standard","hentry","category-eu","category-finanzsystem","tag-atomkraft"],"_links":{"self":[{"href":"https:\/\/www.freiburg-schwarzwald.de\/blog\/wp-json\/wp\/v2\/posts\/32450","targetHints":{"allow":["GET"]}}],"collection":[{"href":"https:\/\/www.freiburg-schwarzwald.de\/blog\/wp-json\/wp\/v2\/posts"}],"about":[{"href":"https:\/\/www.freiburg-schwarzwald.de\/blog\/wp-json\/wp\/v2\/types\/post"}],"author":[{"embeddable":true,"href":"https:\/\/www.freiburg-schwarzwald.de\/blog\/wp-json\/wp\/v2\/users\/4"}],"replies":[{"embeddable":true,"href":"https:\/\/www.freiburg-schwarzwald.de\/blog\/wp-json\/wp\/v2\/comments?post=32450"}],"version-history":[{"count":0,"href":"https:\/\/www.freiburg-schwarzwald.de\/blog\/wp-json\/wp\/v2\/posts\/32450\/revisions"}],"wp:attachment":[{"href":"https:\/\/www.freiburg-schwarzwald.de\/blog\/wp-json\/wp\/v2\/media?parent=32450"}],"wp:term":[{"taxonomy":"category","embeddable":true,"href":"https:\/\/www.freiburg-schwarzwald.de\/blog\/wp-json\/wp\/v2\/categories?post=32450"},{"taxonomy":"post_tag","embeddable":true,"href":"https:\/\/www.freiburg-schwarzwald.de\/blog\/wp-json\/wp\/v2\/tags?post=32450"}],"curies":[{"name":"wp","href":"https:\/\/api.w.org\/{rel}","templated":true}]}}