{"id":32252,"date":"2013-06-04T08:51:10","date_gmt":"2013-06-04T06:51:10","guid":{"rendered":"https:\/\/www.freiburg-schwarzwald.de\/blog\/?p=32252"},"modified":"2013-06-07T08:52:52","modified_gmt":"2013-06-07T06:52:52","slug":"himmelblau-kita-in-littenweiler","status":"publish","type":"post","link":"https:\/\/www.freiburg-schwarzwald.de\/blog\/himmelblau-kita-in-littenweiler\/","title":{"rendered":"Himmelblau &#8211; Kita in Littenweiler"},"content":{"rendered":"<div>\u00a0<\/div>\n<p>Im Stadtteil <a title=\"Littenweiler\" href=\"https:\/\/www.freiburg-schwarzwald.de\/blog\/regio\/freiburg\/littenweiler\/\">Littenweiler<\/a> gibt es ein neues <a title=\"Kinderkrippe\" href=\"https:\/\/www.freiburg-schwarzwald.de\/blog\/bildung\/kinderkrippe\/\">Betreuungsangebot<\/a> f\u00fcr Unter-Dreij\u00e4hrige: Die von der <a title=\"Diakonie\" href=\"https:\/\/www.freiburg-schwarzwald.de\/blog\/religion\/kirchen\/diakonie\/\">Diakonie<\/a> getragene Kindertagesst\u00e4tte (Kita) &#8222;Himmelblau&#8220; hat ihren Betrieb in der Kappler Stra\u00dfe 31 aufgenommen \u2013 dort, wo fr\u00fcher der <a title=\"Salzladen\" href=\"https:\/\/www.freiburg-schwarzwald.de\/blog\/business\/handel\/weltladen\/salzladen\/\">&#8222;Salzladen&#8220;<\/a> zu Hause war. Momentan l\u00e4uft noch die Startphase, die offizielle Einweihung wird nach den Sommerferien gefeiert. Die Kosten f\u00fcr Inventar und Umbau der rund 90 Quadratmeter gro\u00dfen R\u00e4ume belaufen sich auf zirka 83 000 Euro.<\/p>\n<p>Wo bis Ende vergangenen Jahres noch fair gehandelter Kaffee verkauft wurde, spielen nun Lia Radovcic (22 Monate), die einhalbj\u00e4hrige Kimberly Mintah und drei weitere Kinder \u00e4hnlichen Alters. Das hat folgenden Hintergrund: Da Eltern ab dem ersten August einen Anspruch auf einen Betreuungsplatz f\u00fcr ihre Ein- bis Dreij\u00e4hrigen haben, steigt die Nachfrage f\u00fcr Krippenpl\u00e4tze. Daher hatte sich die Freiburger Diakonie (der Wohlfahrtsverband der Evangelischen Kirche) schon vor einiger Zeit dazu entschieden, in der Kappler Stra\u00dfe 31 eine neue Kita einzurichten: &#8222;Der Bedarf im Freiburger Osten ist n\u00e4mlich besonders gro\u00df&#8220;, erl\u00e4utert die zust\u00e4ndige Bereichsleiterin Kerstin Kohler-Gern. Der einst dort ans\u00e4ssige &#8222;Salzladen&#8220;, eine \u00f6kumenische Sozial- und Kulturinitiative, war deshalb bereits im Januar in die Alemannenstra\u00dfe 52 umgezogen.<br \/>\nNach rund viertelj\u00e4hrlicher Bauzeit \u2013 neu sind eine kleine K\u00fcche, kindergerechte Toiletten und ein Waschraum, dazu kamen Brandschutzauflagen \u2013 ging es Anfang April los, zun\u00e4chst mit f\u00fcnf Kindern. &#8222;Sie befinden sich noch in der Eingew\u00f6hnungszeit&#8220;, erl\u00e4utert Leiterin Inken Jackscht. Daher seien zum Teil auch die Eltern mit dabei, je nachdem, wie es die Bed\u00fcrfnisse der Kleinen erforderten. Bei der Wahl des Namens &#8222;Himmelblau&#8220; habe man bewusst darauf geachtet, dass eine Farbe darin vorkomme und Fr\u00f6hlichkeit durch ihn vermittelt werde.<br \/>\nMit Franziska Riediger und Petra Liebenau stehen der Leiterin zwei Fachkr\u00e4fte mit Teilzeitstellen zur Seite, komplettiert wird das Team durch eine Mitarbeiterin im Freiwilligen Sozialen Jahr (FSJ). Zusammen sollen sie sp\u00e4ter einmal bis zu zehn Kinder betreuen. Dass es derzeit erst halb so viele sind, h\u00e4ngt zum einen mit den besonderen Bedingungen der Start- und Eingew\u00f6hnungsphase zusammen. Zum anderen damit, dass noch nicht alle angemeldeten Kinder vor Ort wohnen. Eigens Werbung brauchte man indes nicht zu machen: &#8222;Es hatte sich n\u00e4mlich herumgesprochen, dass wir aufmachen&#8220;, sagt Jackscht. Nach einer Zeit des Sammelns und Sichtens sei die Vergabe dann anhand der g\u00e4ngigen Kriterien erfolgt: &#8222;Dabei spielt die soziale Dringlichkeit eine wichtige Rolle&#8220;, betont Kohler-Gern.<br \/>\nGe\u00f6ffnet hat die Kita montags bis freitags von 7.30 Uhr bis 14.30 Uhr. Die Kinder erleben einen strukturierten Tagesablauf: Nach dem morgendlichen Ankommen k\u00f6nnen sie sich in Ruhe nach einem Lieblingsspielzeug umschauen, anschlie\u00dfend wird f\u00fcr das gemeinsame Fr\u00fchst\u00fcck eingekauft. &#8222;Das machen die Kleinen besonders gern&#8220;, wei\u00df Jackscht. Viel Wert lege man auf kreative Elemente, Gemeinschaft und Ausfl\u00fcge in die Natur. Auch der kirchliche Charakter der Tr\u00e4gerschaft werde sp\u00fcrbar: &#8222;Etwa daran, dass wir uns mit den Festen des Jahreskreises besch\u00e4ftigen&#8220;, erl\u00e4utert die Erzieherin.<br \/>\nDer Elternbeitrag ist \u2013 wie in Freiburg generell \u00fcblich \u2013 nach Einkommen der Eltern und Geschwisterzahl gestaffelt: Er liegt zwischen 104 und 230 Euro pro Kind und Monat, dazu kommen noch Beitr\u00e4ge f\u00fcr die Verpflegung. Damit, so Kohler-Gern, k\u00f6nne man etwa 20 Prozent der Gesamtbetriebskosten decken, 76 Prozent w\u00fcrden von Land und Stadt \u00fcbernommen. Rund vier Prozent verblieben dann noch bei der Diakonie als Eigenanteil des Tr\u00e4gers. Weitere Infos gibt es direkt bei der Kita Himmelblau, 79117 FR-Littenweiler, Kappler Stra\u00dfe 31, \u2005Tel 0761\/13717675.<br \/>\n4.6.2013, Andreas Braun<\/p>\n<div>\u00a0<\/div>\n","protected":false},"excerpt":{"rendered":"<p>\u00a0 Im Stadtteil Littenweiler gibt es ein neues Betreuungsangebot f\u00fcr Unter-Dreij\u00e4hrige: Die von der Diakonie getragene Kindertagesst\u00e4tte (Kita) &#8222;Himmelblau&#8220; hat ihren Betrieb in der Kappler Stra\u00dfe 31 aufgenommen \u2013 dort, wo fr\u00fcher der &#8222;Salzladen&#8220; zu Hause war. Momentan l\u00e4uft noch &hellip; <a href=\"https:\/\/www.freiburg-schwarzwald.de\/blog\/himmelblau-kita-in-littenweiler\/\">Weiterlesen <span class=\"meta-nav\">&rarr;<\/span><\/a><\/p>\n","protected":false},"author":4,"featured_media":0,"comment_status":"open","ping_status":"closed","sticky":false,"template":"","format":"standard","meta":{"footnotes":""},"categories":[198,93],"tags":[731,721,152],"class_list":["post-32252","post","type-post","status-publish","format-standard","hentry","category-diakonie","category-kindergarten","tag-diakonie","tag-kindergarten","tag-kita"],"_links":{"self":[{"href":"https:\/\/www.freiburg-schwarzwald.de\/blog\/wp-json\/wp\/v2\/posts\/32252","targetHints":{"allow":["GET"]}}],"collection":[{"href":"https:\/\/www.freiburg-schwarzwald.de\/blog\/wp-json\/wp\/v2\/posts"}],"about":[{"href":"https:\/\/www.freiburg-schwarzwald.de\/blog\/wp-json\/wp\/v2\/types\/post"}],"author":[{"embeddable":true,"href":"https:\/\/www.freiburg-schwarzwald.de\/blog\/wp-json\/wp\/v2\/users\/4"}],"replies":[{"embeddable":true,"href":"https:\/\/www.freiburg-schwarzwald.de\/blog\/wp-json\/wp\/v2\/comments?post=32252"}],"version-history":[{"count":0,"href":"https:\/\/www.freiburg-schwarzwald.de\/blog\/wp-json\/wp\/v2\/posts\/32252\/revisions"}],"wp:attachment":[{"href":"https:\/\/www.freiburg-schwarzwald.de\/blog\/wp-json\/wp\/v2\/media?parent=32252"}],"wp:term":[{"taxonomy":"category","embeddable":true,"href":"https:\/\/www.freiburg-schwarzwald.de\/blog\/wp-json\/wp\/v2\/categories?post=32252"},{"taxonomy":"post_tag","embeddable":true,"href":"https:\/\/www.freiburg-schwarzwald.de\/blog\/wp-json\/wp\/v2\/tags?post=32252"}],"curies":[{"name":"wp","href":"https:\/\/api.w.org\/{rel}","templated":true}]}}