{"id":3196,"date":"2012-05-10T17:08:25","date_gmt":"2012-05-10T17:08:25","guid":{"rendered":"https:\/\/www.freiburg-schwarzwald.de\/blog\/?p=3196"},"modified":"2013-04-18T16:48:56","modified_gmt":"2013-04-18T14:48:56","slug":"nachhaltige-statt-okodiktatorische-entwicklung-in-der-landwirtschaft","status":"publish","type":"post","link":"https:\/\/www.freiburg-schwarzwald.de\/blog\/nachhaltige-statt-okodiktatorische-entwicklung-in-der-landwirtschaft\/","title":{"rendered":"Nachhaltige statt \u00f6kodiktatorische Entwicklung in der Landwirtschaft"},"content":{"rendered":"<p>Freiheit und Verantwortung, mit diesem Wertepaar hatte Joachim Gauck bei seiner Nominierung zum\u00a0 Bundespr\u00e4sidenten eine heftige Debatte entfacht. In seiner Einf\u00fchrungsrede in Bundestag- und rat \u00fcberzeugte er auch die Gegner, dass Freiheit und Verantwortung die Vorrausetzung f\u00fcr soziale Gerechtigkeit ist. Waren Freiheit und Verantwortung nicht auch die b\u00e4uerlichen Grundwerte? Werden diese durch die wuchernde <a title=\"Verbraucher\" href=\"https:\/\/www.freiburg-schwarzwald.de\/blog\/engagement\/verbraucher\/\">Verbraucher<\/a>-, Umwelt- und Tierschutzb\u00fcrokratie nicht ausgeh\u00f6hlt, ohne neue Skandale oder den Artenschwund zu verhindern? Oder ist diese B\u00fcrokratie die neue Triebkraft zum Wachsen und Weichen?\u00a0 Wer den Trend in der <a title=\"Landwirt\" href=\"https:\/\/www.freiburg-schwarzwald.de\/blog\/natur\/landwirt\/\">Landwirtschaft<\/a> verfolgt, kann eine Ann\u00e4herung der bisher gegens\u00e4tzlichen \u00f6konomisch-konventionellen und <a title=\"Nachhaltigkeit\" href=\"https:\/\/www.freiburg-schwarzwald.de\/blog\/natur\/klima\/nachhaltigkeit\/\">nachhaltig<\/a>-\u00f6kologischen Richtung<br \/>\nnicht \u00fcbersehen. Ist dieser Trend eine geistige Ann\u00e4herung oder nur markwirtschaftlicher Sachzwang? Oder gar neue Form des Strukturwandels mit \u00f6kologischen Auflagen als Marketing?\u00a0 <!--more--><br \/>\nWir fragen, wo die Menschen dabei bleiben, als Konsumenten, als Bauernfamilien und insbesondere die Schwarzwaldb\u00e4uerinnen und -bauern? Eine nachhaltige Entwicklung hat vor 10 Jahren die Staatengemeinschaft in Rio vereinbart. Professor\u00a0 Radermacher hat uns beim Aschermittwochsgespr\u00e4ch im letzten Jahr erkl\u00e4rt, dass nachhaltige Entwicklung die Balance \u00f6konomischer, \u00f6kologischer und sozialer Interessen in Form einer \u00f6kosozialen Politik ist. Die gilt es einzufordern!<br \/>\nEinladung Schwarzwaldbauerntreff am Mittwoch 16. Mai 2012 um 20 Uhr<br \/>\nim Landgasthof Engel in St.Georgen-Brigach<br \/>\nWerden die Schwarzwaldbauern Opfer der Agrarreform 2014?<br \/>\nWir werden den Stand der Reformverhandlungen mit aktuellen Informationen aus unserem Netzwerk vorstellen.\u00a0 Au\u00dferdem die konkreten Forderungen f\u00fcr eine zukunftsf\u00e4hige Berglandwirtschaft, die eine Allianz f\u00fcr Landwirtschaft und Naturschutz in den Alpen aus 19 Organisationen gerade fertig gestellt hat und die wir unterzeichnet haben.<br \/>\nDamit wollen wir Argumente f\u00fcr eine sachlich gezielte Diskussion liefern, die zugunsten der Schwarzwaldbauern dringend notwendig ist. Dazu laden wir herzlich ein.\u00a0 Unser aktueller Lesetipp: Heiner Gei\u00dfler: Sap\u00e8re aude! (wage zu Denken) &#8211; warum wir eine neue Aufkl\u00e4rung brauchen?<br \/>\n10.5.2012, Siegfried J\u00e4ckle, Forum Pro Schwarzwaldbauern e.V.<a href=\"proschwarzwaldbauern.htm\"><br \/>\nPro Schwarzwaldbauern &#8211; Forum<\/a> &gt;ProSchwarzwaldbauern<\/p>\n","protected":false},"excerpt":{"rendered":"<p>Freiheit und Verantwortung, mit diesem Wertepaar hatte Joachim Gauck bei seiner Nominierung zum\u00a0 Bundespr\u00e4sidenten eine heftige Debatte entfacht. In seiner Einf\u00fchrungsrede in Bundestag- und rat \u00fcberzeugte er auch die Gegner, dass Freiheit und Verantwortung die Vorrausetzung f\u00fcr soziale Gerechtigkeit ist. &hellip; <a href=\"https:\/\/www.freiburg-schwarzwald.de\/blog\/nachhaltige-statt-okodiktatorische-entwicklung-in-der-landwirtschaft\/\">Weiterlesen <span class=\"meta-nav\">&rarr;<\/span><\/a><\/p>\n","protected":false},"author":2,"featured_media":0,"comment_status":"open","ping_status":"closed","sticky":false,"template":"","format":"standard","meta":{"footnotes":""},"categories":[51,180,201],"tags":[],"class_list":["post-3196","post","type-post","status-publish","format-standard","hentry","category-bauernhof","category-hochschwarzwald","category-landwirt"],"_links":{"self":[{"href":"https:\/\/www.freiburg-schwarzwald.de\/blog\/wp-json\/wp\/v2\/posts\/3196","targetHints":{"allow":["GET"]}}],"collection":[{"href":"https:\/\/www.freiburg-schwarzwald.de\/blog\/wp-json\/wp\/v2\/posts"}],"about":[{"href":"https:\/\/www.freiburg-schwarzwald.de\/blog\/wp-json\/wp\/v2\/types\/post"}],"author":[{"embeddable":true,"href":"https:\/\/www.freiburg-schwarzwald.de\/blog\/wp-json\/wp\/v2\/users\/2"}],"replies":[{"embeddable":true,"href":"https:\/\/www.freiburg-schwarzwald.de\/blog\/wp-json\/wp\/v2\/comments?post=3196"}],"version-history":[{"count":0,"href":"https:\/\/www.freiburg-schwarzwald.de\/blog\/wp-json\/wp\/v2\/posts\/3196\/revisions"}],"wp:attachment":[{"href":"https:\/\/www.freiburg-schwarzwald.de\/blog\/wp-json\/wp\/v2\/media?parent=3196"}],"wp:term":[{"taxonomy":"category","embeddable":true,"href":"https:\/\/www.freiburg-schwarzwald.de\/blog\/wp-json\/wp\/v2\/categories?post=3196"},{"taxonomy":"post_tag","embeddable":true,"href":"https:\/\/www.freiburg-schwarzwald.de\/blog\/wp-json\/wp\/v2\/tags?post=3196"}],"curies":[{"name":"wp","href":"https:\/\/api.w.org\/{rel}","templated":true}]}}