{"id":31948,"date":"2013-06-03T12:48:59","date_gmt":"2013-06-03T10:48:59","guid":{"rendered":"https:\/\/www.freiburg-schwarzwald.de\/blog\/?p=31948"},"modified":"2013-06-03T12:48:59","modified_gmt":"2013-06-03T10:48:59","slug":"ekd-kein-herz-fuer-strahlenopfer","status":"publish","type":"post","link":"https:\/\/www.freiburg-schwarzwald.de\/blog\/ekd-kein-herz-fuer-strahlenopfer\/","title":{"rendered":"EKD kein Herz fuer Strahlenopfer"},"content":{"rendered":"<p>Wie bereits beim 33. Deutschen Ev. Kirchentag haben die <a title=\"AKW\" href=\"https:\/\/www.freiburg-schwarzwald.de\/blog\/energie\/akw\/\">Atomkraftgegner<\/a> in der Union (CDAK) ihres\u00a0vor neun Jahren verstorbenen Freundes, Gesch\u00e4ftsf\u00fchrer der <a title=\"Krebs\" href=\"https:\/\/www.freiburg-schwarzwald.de\/blog\/selbsthilfe\/krebs\/\">Leuk\u00e4miekommission<\/a> Schleswig-Holstein Prof. Stevenson, gedacht. Gleichzeitig kritisierte der\u00a0CDAK die\u00a0 Weigerung der EKD, den verdeckten und damit besonders hinterh\u00e4ltigen b\u00fcndnisgr\u00fcnen Atomlobbyismus ins Visier zu nehmen und <!--more-->sich der kindlichen Opfer inklusive ihrer Angeh\u00f6rigen anzunehmen. Die EKD wird vom Ratsvorsitzenden Nikolaus Schneider und die Synode der Evangelischen Kirche in Deutschland (EKD) von der b\u00fcndnisgr\u00fcnen Vizepr\u00e4sidentin des Deutschen Bundestages Katrin G\u00f6ring-Eckardt geleitet. Dr. rer. nat. habil. Abraham Frederick Gunaraj Stevenson verstarb heute vor sieben Jahren in der Bl\u00fctezeit seines integeren wissenschaftlichen Lebens. Die Abteilung &#8222;Reaktorsicherheit&#8220; im Ministerium f\u00fcr Finanzen und Energie des Landes Schleswig-Holstein hatte unter der politischen Verantwortung des damaligen Ministers Claus M\u00f6ller (SPD) und des Staatssekret\u00e4rs Willi Voigt (B\u00fcndnis 90\/Die Gr\u00fcnen) diesem lupenreinen Wissenschaftler\u00a0 Stevenson \u00fcbel mitgespielt. Stevensons Gesundheit haben diese z\u00e4hen, f\u00fcr einen unabh\u00e4ngigen Wissenschaftler zutiefst unw\u00fcrdigen und unertr\u00e4glichen Auseinandersetzungen\u00a0zerr\u00fcttet.<br \/>\nBelege: Todesanzeige Kieler Nachrichten \/ Dokument Seite 13<\/p>\n<p>Prof. Dr. Otmar Wassermann, Nachruf f\u00fcr den verstorbenen Fred Stevenson<br \/>\n<a href=\"https:\/\/www.castor.de\/diskus\/sonst\/2004\/mail1030.html\">https:\/\/www.castor.de\/diskus\/sonst\/2004\/mail1030.html<\/a><\/p>\n<p>3.6.20313, BUNDESVERBAND CHRISTLICHE DEMOKRATEN GEGEN ATOMKRAFT (CDAK),<br \/>\nCDU\/CSU &#8211; Mitglieder f\u00fcr die \u00dcberwindung der Kernenergie<br \/>\nPostfach 421431 D &#8211; 55072 Mainz, Tel 01711049920<br \/>\n\u00d6kostrombezug: <a href=\"https:\/\/www.ews-schoenau.de\/\">www.ews-schoenau.de<\/a><br \/>\nBeteiligung: <a href=\"https:\/\/www.ews-schoenau.de\/genossenschaft\">https:\/\/www.ews-schoenau.de\/genossenschaft<\/a><\/p>\n<p>&nbsp;<\/p>\n","protected":false},"excerpt":{"rendered":"<p>Wie bereits beim 33. Deutschen Ev. Kirchentag haben die Atomkraftgegner in der Union (CDAK) ihres\u00a0vor neun Jahren verstorbenen Freundes, Gesch\u00e4ftsf\u00fchrer der Leuk\u00e4miekommission Schleswig-Holstein Prof. Stevenson, gedacht. Gleichzeitig kritisierte der\u00a0CDAK die\u00a0 Weigerung der EKD, den verdeckten und damit besonders hinterh\u00e4ltigen b\u00fcndnisgr\u00fcnen &hellip; <a href=\"https:\/\/www.freiburg-schwarzwald.de\/blog\/ekd-kein-herz-fuer-strahlenopfer\/\">Weiterlesen <span class=\"meta-nav\">&rarr;<\/span><\/a><\/p>\n","protected":false},"author":4,"featured_media":0,"comment_status":"open","ping_status":"closed","sticky":false,"template":"","format":"standard","meta":{"footnotes":""},"categories":[164,36,158],"tags":[163,503,718],"class_list":["post-31948","post","type-post","status-publish","format-standard","hentry","category-akw","category-engagement","category-gesund","tag-atomkraft","tag-church","tag-krebs"],"_links":{"self":[{"href":"https:\/\/www.freiburg-schwarzwald.de\/blog\/wp-json\/wp\/v2\/posts\/31948","targetHints":{"allow":["GET"]}}],"collection":[{"href":"https:\/\/www.freiburg-schwarzwald.de\/blog\/wp-json\/wp\/v2\/posts"}],"about":[{"href":"https:\/\/www.freiburg-schwarzwald.de\/blog\/wp-json\/wp\/v2\/types\/post"}],"author":[{"embeddable":true,"href":"https:\/\/www.freiburg-schwarzwald.de\/blog\/wp-json\/wp\/v2\/users\/4"}],"replies":[{"embeddable":true,"href":"https:\/\/www.freiburg-schwarzwald.de\/blog\/wp-json\/wp\/v2\/comments?post=31948"}],"version-history":[{"count":0,"href":"https:\/\/www.freiburg-schwarzwald.de\/blog\/wp-json\/wp\/v2\/posts\/31948\/revisions"}],"wp:attachment":[{"href":"https:\/\/www.freiburg-schwarzwald.de\/blog\/wp-json\/wp\/v2\/media?parent=31948"}],"wp:term":[{"taxonomy":"category","embeddable":true,"href":"https:\/\/www.freiburg-schwarzwald.de\/blog\/wp-json\/wp\/v2\/categories?post=31948"},{"taxonomy":"post_tag","embeddable":true,"href":"https:\/\/www.freiburg-schwarzwald.de\/blog\/wp-json\/wp\/v2\/tags?post=31948"}],"curies":[{"name":"wp","href":"https:\/\/api.w.org\/{rel}","templated":true}]}}