{"id":31815,"date":"2013-06-01T11:40:50","date_gmt":"2013-06-01T09:40:50","guid":{"rendered":"https:\/\/www.freiburg-schwarzwald.de\/blog\/?p=31815"},"modified":"2013-06-01T11:43:59","modified_gmt":"2013-06-01T09:43:59","slug":"schmerztag-im-schmerzzentrum","status":"publish","type":"post","link":"https:\/\/www.freiburg-schwarzwald.de\/blog\/schmerztag-im-schmerzzentrum\/","title":{"rendered":"Schmerztag im Schmerzzentrum"},"content":{"rendered":"<p><!-- RSPEAK_STOP -->Im Rahmen des bundesweiten &#8222;Aktionstages gegen den Schmerz&#8220; l\u00e4dt das Schmerzzentrum der <a title=\"Uniklinik\" href=\"https:\/\/www.freiburg-schwarzwald.de\/blog\/business\/gesund\/uniklinik\/\">Freiburger Uniklinik <\/a>am Dienstag, 4. Juni 2013, zu einem Informationstag ein. Zwischen 16 und 19.30 Uhr Infos,\u00a0Vortr\u00e4ge \u00fcber R\u00fccken- und Kopfschmerz,\u00a0Zusammenhang\u00a0<a title=\"Depression\" href=\"https:\/\/www.freiburg-schwarzwald.de\/blog\/selbsthilfe\/chronisch\/depression\/\">Depression<\/a> und Schmerz,\u00a0<a title=\"Krebs\" href=\"https:\/\/www.freiburg-schwarzwald.de\/blog\/selbsthilfe\/krebs\/\">Krebs<\/a>, Therapieformen, Mitmach\u00fcbungen.<!--more--><\/p>\n<p>Aktionstag gegen den Schmerz, Dienstag, 4. Juni, 16 bis 19.30 Uhr, Interdisziplin\u00e4res Schmerzzentrum, Neurozentrum, Breisacher Stra\u00dfe 64, <a href=\"https:\/\/www.schmerzzentrum.uniklinik-freiburg.de\">www.schmerzzentrum.uniklinik-freiburg.de<\/a> \u00a0 <!-- RSPEAK_STOP --><\/p>\n","protected":false},"excerpt":{"rendered":"<p>Im Rahmen des bundesweiten &#8222;Aktionstages gegen den Schmerz&#8220; l\u00e4dt das Schmerzzentrum der Freiburger Uniklinik am Dienstag, 4. Juni 2013, zu einem Informationstag ein. Zwischen 16 und 19.30 Uhr Infos,\u00a0Vortr\u00e4ge \u00fcber R\u00fccken- und Kopfschmerz,\u00a0Zusammenhang\u00a0Depression und Schmerz,\u00a0Krebs, Therapieformen, Mitmach\u00fcbungen.<\/p>\n","protected":false},"author":4,"featured_media":0,"comment_status":"open","ping_status":"closed","sticky":false,"template":"","format":"standard","meta":{"footnotes":""},"categories":[158,62],"tags":[47,718,338],"class_list":["post-31815","post","type-post","status-publish","format-standard","hentry","category-gesund","category-krebs","tag-klinik","tag-krebs","tag-uni"],"_links":{"self":[{"href":"https:\/\/www.freiburg-schwarzwald.de\/blog\/wp-json\/wp\/v2\/posts\/31815","targetHints":{"allow":["GET"]}}],"collection":[{"href":"https:\/\/www.freiburg-schwarzwald.de\/blog\/wp-json\/wp\/v2\/posts"}],"about":[{"href":"https:\/\/www.freiburg-schwarzwald.de\/blog\/wp-json\/wp\/v2\/types\/post"}],"author":[{"embeddable":true,"href":"https:\/\/www.freiburg-schwarzwald.de\/blog\/wp-json\/wp\/v2\/users\/4"}],"replies":[{"embeddable":true,"href":"https:\/\/www.freiburg-schwarzwald.de\/blog\/wp-json\/wp\/v2\/comments?post=31815"}],"version-history":[{"count":0,"href":"https:\/\/www.freiburg-schwarzwald.de\/blog\/wp-json\/wp\/v2\/posts\/31815\/revisions"}],"wp:attachment":[{"href":"https:\/\/www.freiburg-schwarzwald.de\/blog\/wp-json\/wp\/v2\/media?parent=31815"}],"wp:term":[{"taxonomy":"category","embeddable":true,"href":"https:\/\/www.freiburg-schwarzwald.de\/blog\/wp-json\/wp\/v2\/categories?post=31815"},{"taxonomy":"post_tag","embeddable":true,"href":"https:\/\/www.freiburg-schwarzwald.de\/blog\/wp-json\/wp\/v2\/tags?post=31815"}],"curies":[{"name":"wp","href":"https:\/\/api.w.org\/{rel}","templated":true}]}}