{"id":31493,"date":"2013-05-29T19:13:48","date_gmt":"2013-05-29T17:13:48","guid":{"rendered":"https:\/\/www.freiburg-schwarzwald.de\/blog\/?p=31493"},"modified":"2013-05-29T19:13:48","modified_gmt":"2013-05-29T17:13:48","slug":"kirchzartener-buecherstube-2013","status":"publish","type":"post","link":"https:\/\/www.freiburg-schwarzwald.de\/blog\/kirchzartener-buecherstube-2013\/","title":{"rendered":"Kirchzartener Buecherstube 2013"},"content":{"rendered":"<p>Die engagierten<a title=\"Buch\" href=\"https:\/\/www.freiburg-schwarzwald.de\/blog\/kultur\/dichter\/literatur\/buch\/\"> Buchh\u00e4ndlerinnen <\/a>Katrin Beltran Gomez und Karin Schmidt von der <a title=\"Buchhandel\" href=\"https:\/\/www.freiburg-schwarzwald.de\/blog\/business\/handel\/buchhandel\/\">\u201eKirchzartener B\u00fccherstube<\/a>\u201c in der Freiburger Stra\u00dfe haben f\u00fcr ihre Kunden und interessierte Literaturliebhaber als Fortsetzung bisheriger Termine ein vielf\u00e4ltiges Veranstaltungsprogramm bis zum Dezember zusammen gestellt. <!--more-->Als n\u00e4chster Programmpunkt folgt am Sonntag, dem 9. Juni 2013 um 11:30 Uhr der \u201e6. Literarische Salon mit Angelika Doetsch\u201c. Dabei geht mit Jean Paul um einen der bedeutendsten Autoren der Epoche um 1800. Die Veranstaltung findet bei freiem Eintritt im \u201eHotel Sonne\u201c statt.<br \/>\nBernhard Maier stellt am Sonntag, dem 16. Juni 2013 um 11:15 Uhr (Eintritt 8 Euro) in der B\u00fccherstube sein Buch \u201eGeschichte und Kultur der Kelten\u201c vor. Bei einer \u201eKriminellen Weinprobe\u201c am Freitag, dem 5. Juli 2013 um 20 Uhr (Eintritt 14 Euro inkl. Weinprobe mit H\u00e4ppchen) liest Paul Grote aus seinem Buch \u201eSein letzter Burgunder \u2013 Mord am Kaiserstuhl\u201c. Dazu verw\u00f6hnt Joachim Heger mit einer Weinprobe.\u00a0<br \/>\nDas Kindertheater \u201epohyb\u2018s &amp; konsorten\u201c pr\u00e4sentiert am Sonntag, dem 22. September 2013 um 11 Uhr f\u00fcr Kinder von drei bis 93 Jahren (Eintritt 6 Euro) \u201eDie Abenteuer von Gr\u00fcffelo und Co.\u201c. Aus dem Buch von Martin Walker \u201eFemme Fatale \u2013 der f\u00fcnfte Fall f\u00fcr Bruno, Chef de police\u201c liest Doris Wolters am Donnerstag, dem 26. September 2013 um 20 Uhr (Eintritt 10 Euro) in Anwesenheit des schottischen Autors. Der Freiburger Kirchenmusikreferent Meinrad Walter stellt das neue \u201eGotteslob\u201c und sein Begleitbuch \u201eSing, bet und geh auf Gottes Wegen\u201c vor. Die Buchpr\u00e4sentation am Montag, dem 7. Oktober 2013 um 20 Uhr (Eintritt 8 Euro) schlie\u00dft ein offenes Singen von Liedern aus dem neuen Gotteslob ein.<br \/>\nWer Lust auf die \u201eFrankfurter Buchmesse\u201c hat, kann die Expertinnen der \u201eKirchzartener B\u00fccherstube\u201c am Samstag, dem 12. Oktober 2013 (Abfahrt 7 Uhr, Fahrtkosten inkl. Eintritt 54 Euro) nach Frankfurt begleiten. Diese Zahlen unterstreichen die Bedeutung der Buchmesse: \u00dcber 7.300 Aussteller aus 100 L\u00e4ndern, \u00fcber 400.000 Publikationen, davon mehr als 120.000 neue Titel, mehr als 299.000 Besucher, rund 10.000 Journalisten. Weiter geht es mit Jo Lendle. Er stellt am Donnerstag, dem 24. Oktober 2013 um 20 Uhr (Eintritt 8 Euro) sein Buch \u201eWas wir Liebe nennen\u201c vor. Der \u201e7. literarische Salon\u201c geht mit Angelika Doetsch auf Reisen: Die Fahrt zur kulturgeschichtlichen Ausstellung \u201eGeorg B\u00fcchner. Revolution\u00e4r mit Feder und Skalpell\u201c im Institut Mathildenh\u00f6he Darmstadt findet am Samstag, dem 16. November 2013 (Abfahrt 8 Uhr, Fahrtkosten inkl. Eintritt 55 Euro) statt.<br \/>\nUnter dem Titel \u201eZwei Herren, eine Mission \u2013 die etwas anderen Buchempfehlungen\u201c stellen die Verlagsrepr\u00e4sentanten Oliver Buhl (Ullstein Verlag) und Wolfgang Schwarz (Piper Verlag) am Donnerstag, dem 21. November 2013 um 20 Uhr bei freiem Eintritt Neuerscheinungen ihrer Verlage vor. Am Mittwoch, dem 27. November 2013 spricht um 20 Uhr (Eintritt 8 Euro) Verleger und Lyriker Michael Kr\u00fcger \u00fcber seine Zeit als Verleger und stellt seinen neuen Gedichtband \u201eUmstellung der Zeit \u2013 Gedichte\u201c vor. Und der \u201e8. Literarische Salon mit Angelika Doetsch\u201c am Sonntag, dem 8. Dezember 2013 um 11:30 Uhr im \u201eHotel Sonne\u201c (Eintritt frei) hat die M\u00e4rchen der Gebr\u00fcder Grimm als Schwerpunkt.<br \/>\nWer weitere Informationen \u00fcber die Veranstaltungen m\u00f6chte, kann sich direkt in der Kirchzartener B\u00fccherstube, Freiburger Stra\u00dfe 6, Kirchzarten, Telefon 07661 2164 oder im Internet unter <a href=\"https:\/\/www.ki-buch.de\">www.ki-buch.de<\/a> \u00a0kundig machen.<br \/>\n29.5.2013, Gerhard L\u00fcck<\/p>\n","protected":false},"excerpt":{"rendered":"<p>Die engagierten Buchh\u00e4ndlerinnen Katrin Beltran Gomez und Karin Schmidt von der \u201eKirchzartener B\u00fccherstube\u201c in der Freiburger Stra\u00dfe haben f\u00fcr ihre Kunden und interessierte Literaturliebhaber als Fortsetzung bisheriger Termine ein vielf\u00e4ltiges Veranstaltungsprogramm bis zum Dezember zusammen gestellt.<\/p>\n","protected":false},"author":4,"featured_media":0,"comment_status":"open","ping_status":"closed","sticky":false,"template":"","format":"standard","meta":{"footnotes":""},"categories":[18,100,21],"tags":[722,443,504],"class_list":["post-31493","post","type-post","status-publish","format-standard","hentry","category-bildung","category-buch","category-dienste","tag-literatur","tag-termin","tag-weiterbildung"],"_links":{"self":[{"href":"https:\/\/www.freiburg-schwarzwald.de\/blog\/wp-json\/wp\/v2\/posts\/31493","targetHints":{"allow":["GET"]}}],"collection":[{"href":"https:\/\/www.freiburg-schwarzwald.de\/blog\/wp-json\/wp\/v2\/posts"}],"about":[{"href":"https:\/\/www.freiburg-schwarzwald.de\/blog\/wp-json\/wp\/v2\/types\/post"}],"author":[{"embeddable":true,"href":"https:\/\/www.freiburg-schwarzwald.de\/blog\/wp-json\/wp\/v2\/users\/4"}],"replies":[{"embeddable":true,"href":"https:\/\/www.freiburg-schwarzwald.de\/blog\/wp-json\/wp\/v2\/comments?post=31493"}],"version-history":[{"count":0,"href":"https:\/\/www.freiburg-schwarzwald.de\/blog\/wp-json\/wp\/v2\/posts\/31493\/revisions"}],"wp:attachment":[{"href":"https:\/\/www.freiburg-schwarzwald.de\/blog\/wp-json\/wp\/v2\/media?parent=31493"}],"wp:term":[{"taxonomy":"category","embeddable":true,"href":"https:\/\/www.freiburg-schwarzwald.de\/blog\/wp-json\/wp\/v2\/categories?post=31493"},{"taxonomy":"post_tag","embeddable":true,"href":"https:\/\/www.freiburg-schwarzwald.de\/blog\/wp-json\/wp\/v2\/tags?post=31493"}],"curies":[{"name":"wp","href":"https:\/\/api.w.org\/{rel}","templated":true}]}}