{"id":3137,"date":"2012-05-10T13:39:19","date_gmt":"2012-05-10T13:39:19","guid":{"rendered":"https:\/\/www.freiburg-schwarzwald.de\/blog\/?p=3137"},"modified":"2012-05-10T13:42:40","modified_gmt":"2012-05-10T13:42:40","slug":"das-spielmobil-zieht-um-von-der-kartaus-auf-den-mundenhof","status":"publish","type":"post","link":"https:\/\/www.freiburg-schwarzwald.de\/blog\/das-spielmobil-zieht-um-von-der-kartaus-auf-den-mundenhof\/","title":{"rendered":"Das Spielmobil zieht um von der Kartaus auf den Mundenhof"},"content":{"rendered":"<p>Seit \u00fcber 20 Jahren hatte das <a title=\"Spielmobil\" href=\"https:\/\/www.freiburg-schwarzwald.de\/blog\/bildung\/spielmobil\/\">Spielmobil<\/a> sein Domizil im Waschhaus der Kartaus. Nun zieht es auf den Mundenhof, da am bisherigen Standort das <a title=\"UWC-Freiburg\" href=\"bildung\/schulen\/uwc-freiburg\/\">United-World-College<\/a> einziehen wird (das B\u00fcrgerblatt berichtete). Das Spielmobil, das vor 2 Jahren sein 30-j\u00e4hriges Jubil\u00e4um feierte, hatte urspr\u00fcnglich sein Lager in Kirchzarten und ein kleines B\u00fcro auf dem ehemaligen Landesgartenschaugel\u00e4nde am Seepark. Dann konnte das Spielmobil aufgrund eines g\u00fcnstigen Mietangebotes der Stiftungsverwaltung, der bekanntlich das ganze Kartaus &#8211; Gel\u00e4nde geh\u00f6rt, mit\u00a0 Werkstatt und Lager in das ehemalige Waschhaus umziehen. Nach mehrfachem Vandalismus mit Brandstiftung wurde der \u00fcbrig gebliebene B\u00fcrocontainer 1994 neben das Waschhaus der Kartaus gestellt und im Laufe der Jahre durch einen Zweiten erweitert.<!--more-->Nun hei\u00dft es umziehen auf den Mundenhof, in gr\u00f6\u00dfere und angenehmere R\u00e4umlichkeiten, sowohl f\u00fcr das gro\u00dfe Lager als auch f\u00fcr das B\u00fcro, das in einem Pavillon auf dem Gel\u00e4nde der Stadtg\u00e4rtnerei unterkommt. Viel Arbeit, denn bis Pfingsten, sp\u00e4testens Anfang Juni, m\u00f6chte man den Umzug bew\u00e4ltigt haben.\u00a0\u201eMit einem weinenden und einem lachenden Auge verabschieden wir uns aus der Kartaus und freuen uns auf den Mundenhof\u201c, so Bernhard Lusch, Vorsitzender des Spielmobil Freiburg e.V. Zwar sei es im Waschhaus im Winter ohne Heizung nicht so angenehm gewesen, doch die idyllische Lage und die Ruhe dort oben am Waldrand werde man auf jeden Fall sehr vermissen. Als Ausgleich sind die neuen R\u00e4umlichkeiten jedoch komfortabler weil gro\u00dfteils beheizt und alles ebenerdig untergebracht Und auch die K\u00fcndigung sei in im Falle des Spielmobils nicht \u00fcberraschend gekommen, schon 2007 wurde die erste K\u00fcndigung, \u00a0ausgesprochen, um der Stiftungsverwaltung Spielraum f\u00fcr Pl\u00e4ne einer Neugestaltung der Kartaus zu geben. Auch was k\u00fcnftig aus dem Waschhaus werden wird, sei noch nicht klar, vielleicht ein Atelier f\u00fcr das neue College. Derzeit bilden sechs hauptamtliche Mitarbeiter mit Teilzeitstellen das Stammteam des Spielmobils und der Fahrzeugpark umfasst insgesamt 12 Fahrzeuge \u2013 vom Traktor Baujahr 1970 bis zum Elektrofahrzeug mit Solarstrom. Bei seinen mobilen Eins\u00e4tzen schafft das Spielmobil Aktionsr\u00e4ume, in denen sich Kinder ohne Leistungsdruck mit einer Vielfalt einfacher Materialien auseinandersetzen und damit einen eigenen Spiel- und Erfahrungsraum selbst gestalten k\u00f6nnen. Auch das Erscheinungsbild des Vereins hat sich \u00fcber die Jahre ver\u00e4ndert. Waren anfangs die Sommerspielaktionen Schwerpunkte der Aktivit\u00e4ten, sind mittlerweile neue Ans\u00e4tze und Arbeitsbereiche aus den Bereichen Umweltp\u00e4dagogik, Spielraumgestaltung, Kinderbeteiligung und Kinderkultur-p\u00e4dagogik hinzugekommen. Viele kennen das Spielmobil von seinen Angeboten beim 24 Stunden-Lauf oder vom Weltkindertag im Seepark. Wenn Firmen oder Vereine den SPIELDRACHEN f\u00fcr ein Kinderfest engagieren wollen, finden sie unter <a href=\"https:\/\/www.spielmobil-freiburg.de\/\">www.spielmobil-freiburg.de<\/a> eine F\u00fclle von Spielangeboten.<br \/>\nHans-E.Homlicher, 10.5.2012<\/p>\n","protected":false},"excerpt":{"rendered":"<p>Seit \u00fcber 20 Jahren hatte das Spielmobil sein Domizil im Waschhaus der Kartaus. Nun zieht es auf den Mundenhof, da am bisherigen Standort das United-World-College einziehen wird (das B\u00fcrgerblatt berichtete). Das Spielmobil, das vor 2 Jahren sein 30-j\u00e4hriges Jubil\u00e4um feierte, &hellip; <a href=\"https:\/\/www.freiburg-schwarzwald.de\/blog\/das-spielmobil-zieht-um-von-der-kartaus-auf-den-mundenhof\/\">Weiterlesen <span class=\"meta-nav\">&rarr;<\/span><\/a><\/p>\n","protected":false},"author":2,"featured_media":0,"comment_status":"open","ping_status":"closed","sticky":false,"template":"","format":"standard","meta":{"footnotes":""},"categories":[18,36,61],"tags":[200],"class_list":["post-3137","post","type-post","status-publish","format-standard","hentry","category-bildung","category-engagement","category-kinder","tag-spiel"],"_links":{"self":[{"href":"https:\/\/www.freiburg-schwarzwald.de\/blog\/wp-json\/wp\/v2\/posts\/3137","targetHints":{"allow":["GET"]}}],"collection":[{"href":"https:\/\/www.freiburg-schwarzwald.de\/blog\/wp-json\/wp\/v2\/posts"}],"about":[{"href":"https:\/\/www.freiburg-schwarzwald.de\/blog\/wp-json\/wp\/v2\/types\/post"}],"author":[{"embeddable":true,"href":"https:\/\/www.freiburg-schwarzwald.de\/blog\/wp-json\/wp\/v2\/users\/2"}],"replies":[{"embeddable":true,"href":"https:\/\/www.freiburg-schwarzwald.de\/blog\/wp-json\/wp\/v2\/comments?post=3137"}],"version-history":[{"count":0,"href":"https:\/\/www.freiburg-schwarzwald.de\/blog\/wp-json\/wp\/v2\/posts\/3137\/revisions"}],"wp:attachment":[{"href":"https:\/\/www.freiburg-schwarzwald.de\/blog\/wp-json\/wp\/v2\/media?parent=3137"}],"wp:term":[{"taxonomy":"category","embeddable":true,"href":"https:\/\/www.freiburg-schwarzwald.de\/blog\/wp-json\/wp\/v2\/categories?post=3137"},{"taxonomy":"post_tag","embeddable":true,"href":"https:\/\/www.freiburg-schwarzwald.de\/blog\/wp-json\/wp\/v2\/tags?post=3137"}],"curies":[{"name":"wp","href":"https:\/\/api.w.org\/{rel}","templated":true}]}}