{"id":30735,"date":"2013-05-21T15:49:48","date_gmt":"2013-05-21T13:49:48","guid":{"rendered":"https:\/\/www.freiburg-schwarzwald.de\/blog\/?p=30735"},"modified":"2013-05-21T15:51:54","modified_gmt":"2013-05-21T13:51:54","slug":"wozu-beten","status":"publish","type":"post","link":"https:\/\/www.freiburg-schwarzwald.de\/blog\/wozu-beten\/","title":{"rendered":"Wozu beten?"},"content":{"rendered":"<p>F\u00fcr den <a title=\"Zukunft\" href=\"https:\/\/www.freiburg-schwarzwald.de\/blog\/engagement\/zukunft\/\">Aufkl\u00e4rungs<\/a>-Philosophen Immanuel Kant kann das Gebet &#8222;keinen objektiven Erfolg, sondern nur eine subjektive R\u00fcckwirkung haben, n\u00e4mlich Beruhigung und Aufrichtung des <a title=\"Psyche\" href=\"https:\/\/www.freiburg-schwarzwald.de\/blog\/selbsthilfe\/psyche\/\">Gem\u00fcts<\/a>&#8222;. Dennoch sagen selbst in heutigen aufgekl\u00e4rten, s\u00e4kularen Gesellschaften weiterhin gro\u00dfe Teile der Bev\u00f6lkerung, dass sie &#8211; insbesondere in Notsituationen &#8211; hin und wieder beten. <!--more-->Der Theologe und Jesuit Karl Rahner (1904-1984) gab zu bedenken: &#8222;Gl\u00fccklich schon der, der im Alltag von Zeit zu Zeit immer wieder betet! Er wird gewiss wenigstens selbst nicht ganz allt\u00e4glich.&#8220; Hilft Beten, ist Beten wirkungslos, sinnlos? Oder braucht eine soziale Zivilisation betende Menschen?<br \/>\n&#8222;Wozu beten?&#8220; &#8211; Die Wochenzeitschrift &#8222;Christ in der Gegenwart&#8220; interessiert sich sehr f\u00fcr Ihre Einsch\u00e4tzung, Ihre Meinung. Die Redaktion freut sich, wenn Sie an unserer neuen Umfrage teilnehmen und uns Ihre Antworten senden. Mehr: <a href=\"https:\/\/rdir.inxmail.com\/herder\/d?q00brr0y00fnhw00d0000000000000000nx0jx6y259\">https:\/\/rdir.inxmail.com\/herder\/d?q00brr0y00fnhw00d0000000000000000nx0jx6y259<\/a>\u00a0<br \/>\nAls Dankesch\u00f6n laden wir Sie herzlich ein, Christ in der Gegenwart als weltoffene, reformorientierte, \u00f6kumenisch ausgerichtete Publikation f\u00fcr Religion, Kultur, Gesellschaft in den n\u00e4chsten Wochen kostenlos zu lesen.<br \/>\n21.5.2013, <a href=\"https:\/\/www.christ-in-der-gegenwart.de\">www.christ-in-der-gegenwart.de<\/a><\/p>\n","protected":false},"excerpt":{"rendered":"<p>F\u00fcr den Aufkl\u00e4rungs-Philosophen Immanuel Kant kann das Gebet &#8222;keinen objektiven Erfolg, sondern nur eine subjektive R\u00fcckwirkung haben, n\u00e4mlich Beruhigung und Aufrichtung des Gem\u00fcts&#8222;. Dennoch sagen selbst in heutigen aufgekl\u00e4rten, s\u00e4kularen Gesellschaften weiterhin gro\u00dfe Teile der Bev\u00f6lkerung, dass sie &#8211; insbesondere &hellip; <a href=\"https:\/\/www.freiburg-schwarzwald.de\/blog\/wozu-beten\/\">Weiterlesen <span class=\"meta-nav\">&rarr;<\/span><\/a><\/p>\n","protected":false},"author":4,"featured_media":0,"comment_status":"open","ping_status":"closed","sticky":false,"template":"","format":"standard","meta":{"footnotes":""},"categories":[13,64,19,172],"tags":[],"class_list":["post-30735","post","type-post","status-publish","format-standard","hentry","category-kultur","category-psyche","category-religion","category-zukunft"],"_links":{"self":[{"href":"https:\/\/www.freiburg-schwarzwald.de\/blog\/wp-json\/wp\/v2\/posts\/30735","targetHints":{"allow":["GET"]}}],"collection":[{"href":"https:\/\/www.freiburg-schwarzwald.de\/blog\/wp-json\/wp\/v2\/posts"}],"about":[{"href":"https:\/\/www.freiburg-schwarzwald.de\/blog\/wp-json\/wp\/v2\/types\/post"}],"author":[{"embeddable":true,"href":"https:\/\/www.freiburg-schwarzwald.de\/blog\/wp-json\/wp\/v2\/users\/4"}],"replies":[{"embeddable":true,"href":"https:\/\/www.freiburg-schwarzwald.de\/blog\/wp-json\/wp\/v2\/comments?post=30735"}],"version-history":[{"count":0,"href":"https:\/\/www.freiburg-schwarzwald.de\/blog\/wp-json\/wp\/v2\/posts\/30735\/revisions"}],"wp:attachment":[{"href":"https:\/\/www.freiburg-schwarzwald.de\/blog\/wp-json\/wp\/v2\/media?parent=30735"}],"wp:term":[{"taxonomy":"category","embeddable":true,"href":"https:\/\/www.freiburg-schwarzwald.de\/blog\/wp-json\/wp\/v2\/categories?post=30735"},{"taxonomy":"post_tag","embeddable":true,"href":"https:\/\/www.freiburg-schwarzwald.de\/blog\/wp-json\/wp\/v2\/tags?post=30735"}],"curies":[{"name":"wp","href":"https:\/\/api.w.org\/{rel}","templated":true}]}}