{"id":30509,"date":"2013-05-20T14:04:45","date_gmt":"2013-05-20T12:04:45","guid":{"rendered":"https:\/\/www.freiburg-schwarzwald.de\/blog\/?p=30509"},"modified":"2013-05-20T15:23:30","modified_gmt":"2013-05-20T13:23:30","slug":"schmaehpreis-an-glencore","status":"publish","type":"post","link":"https:\/\/www.freiburg-schwarzwald.de\/blog\/schmaehpreis-an-glencore\/","title":{"rendered":"Schmaehpreis an Glencore"},"content":{"rendered":"<p>Am 16. Mai \u00fcbergab &#8222;ethecon &#8211; Stiftung Ethik &amp; \u00d6konomie&#8220;\u00a0den &#8222;Internationalen ethecon Black Planet Award 2012&#8220; an\u00a0den Schweizer <a title=\"Rohstoffe\" href=\"https:\/\/www.freiburg-schwarzwald.de\/blog\/energie\/rohstoffe\/\">Rohstoffkonzern<\/a> Glencore.\u00a0Der Schm\u00e4hpreis prangert Personen an, die einen schockierenden Beitrag zur Zerst\u00f6rung der Erde leisten und damit die Gefahr eines \u201eSchwarzen Planeten\u201c heraufbeschw\u00f6ren. Dabei geht es der Stiftung darum, die Verantwortlichen beim Namen zu nennen.<!--more--><\/p>\n<p>Glencore ist der\u00a0weltweit gr\u00f6\u00dfte Rohstoff-Konzern mit 186 Milliarden Dollar Umsatz in 2011. Durch die Anfang Mai erfolgte Fusion mit dem Minenbetreiber XSTRATA ist der Konzern zum weltweit gr\u00f6\u00dften Exporteur von Kraftwerkskohle und der drittgr\u00f6\u00dfte von Kupfer geworden (Quelle: Cash Wirtschafts- und Finanzinfo vom 02.05.2013).<br \/>\n<a href=\"https:\/\/www.glencorexstrata.com\/\">https:\/\/www.glencorexstrata.com\/<\/a><br \/>\n\u00a0\u00a0\u00a0 \u00a0\u00a0\u00a0<br \/>\nethecon ist im Gegensatz zu den vielen Konzern-, Familien-, Kirchen-, Partei- und Staatsstiftungen eine der wenigen Stiftungen \u201evon unten\u201c, die sich mit ihren derzeit 36 ZustifterInnen und dem Leitmotiv \u201eF\u00fcr eine Welt ohne Ausbeutung und Unterdr\u00fcckung!\u201c in der Verantwortung gegen\u00fcber den kommenden Generationen sieht.<br \/>\nethecon ist vor allem durch die j\u00e4hrliche Vergabe ihrer Internationalen ethecon Blue bzw. Black Planet Awards in Berlin bekannt.\u00a0 Die Positiv-Preise der Stiftung ehrten in den vergangenen Jahren Diane Wilson\/USA (2006), Vandana Shiva\/Indien (2007), Jos\u00e9 Abreu und Hugo Ch\u00e1vez\/Venezuela (2008), Uri Avnery\/Israel (2009), Elias Bierdel\/\u00d6sterreich (2010) , Angela Davis\/USA (2011) sowie Jean Ziegler\/Schweiz (2012).<br \/>\nDie Negativ-Preise hingegen schm\u00e4hten Manager und Aktion\u00e4rInnen der Konzerne MONSANTO\/USA (2006), NESTL\u00c9\/Schweiz (2007), Blackwater (Xe)\/USA (2008), Formosa Plastics Group\/Taiwan (2009), BP\/Gro\u00dfbritannien (2010) und Tepco\/Japan (2011).<br \/>\n20.5.2013, <a href=\"https:\/\/www.ethecon.org\/de\/1656\">https:\/\/www.ethecon.org\/de\/1656<\/a><\/p>\n<p>\u201eethecon &#8211; Stiftung Ethik &amp; \u00d6konomie\u201c ist eine nach Berliner Landsrecht zugelassene Stiftung mit Sitz in Berlin.<br \/>\nAhrenshooper Str. 73, 13051 Berlin, eMail <a href=\"mailto:info@ethecon.org\" target=\"_blank\">info@ethecon.org<\/a><br \/>\n<a href=\"https:\/\/www.ethecon.org\">www.ethecon.org<\/a><\/p>\n","protected":false},"excerpt":{"rendered":"<p>Am 16. Mai \u00fcbergab &#8222;ethecon &#8211; Stiftung Ethik &amp; \u00d6konomie&#8220;\u00a0den &#8222;Internationalen ethecon Black Planet Award 2012&#8220; an\u00a0den Schweizer Rohstoffkonzern Glencore.\u00a0Der Schm\u00e4hpreis prangert Personen an, die einen schockierenden Beitrag zur Zerst\u00f6rung der Erde leisten und damit die Gefahr eines \u201eSchwarzen Planeten\u201c &hellip; <a href=\"https:\/\/www.freiburg-schwarzwald.de\/blog\/schmaehpreis-an-glencore\/\">Weiterlesen <span class=\"meta-nav\">&rarr;<\/span><\/a><\/p>\n","protected":false},"author":4,"featured_media":0,"comment_status":"open","ping_status":"closed","sticky":false,"template":"","format":"standard","meta":{"footnotes":""},"categories":[14,68],"tags":[715,289],"class_list":["post-30509","post","type-post","status-publish","format-standard","hentry","category-global","category-umwelt","tag-klima","tag-preis"],"_links":{"self":[{"href":"https:\/\/www.freiburg-schwarzwald.de\/blog\/wp-json\/wp\/v2\/posts\/30509","targetHints":{"allow":["GET"]}}],"collection":[{"href":"https:\/\/www.freiburg-schwarzwald.de\/blog\/wp-json\/wp\/v2\/posts"}],"about":[{"href":"https:\/\/www.freiburg-schwarzwald.de\/blog\/wp-json\/wp\/v2\/types\/post"}],"author":[{"embeddable":true,"href":"https:\/\/www.freiburg-schwarzwald.de\/blog\/wp-json\/wp\/v2\/users\/4"}],"replies":[{"embeddable":true,"href":"https:\/\/www.freiburg-schwarzwald.de\/blog\/wp-json\/wp\/v2\/comments?post=30509"}],"version-history":[{"count":0,"href":"https:\/\/www.freiburg-schwarzwald.de\/blog\/wp-json\/wp\/v2\/posts\/30509\/revisions"}],"wp:attachment":[{"href":"https:\/\/www.freiburg-schwarzwald.de\/blog\/wp-json\/wp\/v2\/media?parent=30509"}],"wp:term":[{"taxonomy":"category","embeddable":true,"href":"https:\/\/www.freiburg-schwarzwald.de\/blog\/wp-json\/wp\/v2\/categories?post=30509"},{"taxonomy":"post_tag","embeddable":true,"href":"https:\/\/www.freiburg-schwarzwald.de\/blog\/wp-json\/wp\/v2\/tags?post=30509"}],"curies":[{"name":"wp","href":"https:\/\/api.w.org\/{rel}","templated":true}]}}