{"id":30420,"date":"2013-05-19T10:26:04","date_gmt":"2013-05-19T08:26:04","guid":{"rendered":"https:\/\/www.freiburg-schwarzwald.de\/blog\/?p=30420"},"modified":"2013-05-30T08:25:58","modified_gmt":"2013-05-30T06:25:58","slug":"el-hierro-windkraft-und-psw","status":"publish","type":"post","link":"https:\/\/www.freiburg-schwarzwald.de\/blog\/el-hierro-windkraft-und-psw\/","title":{"rendered":"El Hierro &#8211; Windkraft und PSW"},"content":{"rendered":"<p id=\"docs-internal-guid-524bb42b-bbd7-6987-dae9-ef511cf492c2\" dir=\"ltr\">El Hierro \u2013 regenerative Vollversorgung im Inselnetz. Wer nach dem deutschen Atomausstieg 2.0 das Aus f\u00fcr das <a title=\"Pumpspeicher\" href=\"https:\/\/www.freiburg-schwarzwald.de\/blog\/energie\/pumpspeicher\/\">Pumpspeicherkraftwerk PSW<\/a> Atdorf nahen sieht oder das Gemaule der PSW-Betreiber in der Schweizer Presse verfolgt, ahnt, dass es zwischen PSW-Technologie und der <a title=\"AKW\" href=\"https:\/\/www.freiburg-schwarzwald.de\/blog\/energie\/akw\/\">Atomkraft<\/a> Synergien geben muss. Die Tr\u00e4gheit der AKW und die auf wenige Stunden begrenzte Kapazit\u00e4t der PSW machen <!--more-->die beiden zum Traumpaar, um tagesperiodische Nachfrageschwankungen und unflexible Atomstromproduktion auszuregeln. Doch es gibt auch Situationen, in denen Pumpspeicher \u00a0tats\u00e4chlich in ein Konzept der <a title=\"Energiewende\" href=\"https:\/\/www.freiburg-schwarzwald.de\/blog\/energie\/energiewende\/\">regenerativen Vollversorgung<\/a> integriert werden, z.B. auf einer kleinen Kanareninsel. Noch pendelt ein Tanker zwischen Teneriffa und El Hierro. Er bringt w\u00f6chentlich 6000 Tonnen Diesel. Sie werden zur Verstromung verbrannt, im 11,5 MW \u00d6lkraftwerk, das j\u00e4hrlich 18.700 t CO2 ausschnauft. \u201eDie Diesel-Touren soll en demn\u00e4chst \u00fcberfl\u00fcssig werden\u201c, jubiliert die Autorin im Vorfeld der Reise. \u201eWie denn? Mit Solar?\u201c so die spontane Gegenfrage aus dem Tal der Ahnungslosen &#8211; an einem beispielhaft dunklen Abend. Als Hauptenergiequelle soll der Passat dienen, der fast pausenlos auf den Kanaren weht. Mit 1500 km Abstand zum spanischen Festland und \u00a0500 km zur afrikanischen K\u00fcste und stellen die f\u00fcnf Enercon-Turbinen (5 x 2,3 MW ) quasi einen offshore-<a title=\"Wind\" href=\"https:\/\/www.freiburg-schwarzwald.de\/blog\/energie\/wind\/\">Windpark<\/a> mit trockenen F\u00fc\u00dfen dar. Es wird mit 4000 Vollaststunden kalkuliert \u00a0&#8211; ein Wert, den offshore-Anlagen in Nord und Ostsee fast erreichen und der locker den Nutzungsgrad hiesiger Steinkohlekraftwerke toppt.<\/p>\n<p dir=\"ltr\"><a href=\"https:\/\/www.freiburg-schwarzwald.de\/blog\/el-hierro-windkraft-und-psw\/psw-elhierro-windpark2013\/\" rel=\"attachment wp-att-30421\"><img loading=\"lazy\" decoding=\"async\" class=\"alignnone size-thumbnail wp-image-30421\" title=\"psw-elhierro-windpark2013\" src=\"https:\/\/www.freiburg-schwarzwald.de\/blog\/wp-content\/uploads\/2013\/05\/psw-elhierro-windpark2013-180x104.jpg\" alt=\"\" width=\"180\" height=\"104\" srcset=\"https:\/\/www.freiburg-schwarzwald.de\/blog\/wp-content\/uploads\/2013\/05\/psw-elhierro-windpark2013-180x104.jpg 180w, https:\/\/www.freiburg-schwarzwald.de\/blog\/wp-content\/uploads\/2013\/05\/psw-elhierro-windpark2013-640x372.jpg 640w, https:\/\/www.freiburg-schwarzwald.de\/blog\/wp-content\/uploads\/2013\/05\/psw-elhierro-windpark2013.jpg 641w\" sizes=\"auto, (max-width: 180px) 100vw, 180px\" \/><\/a>\u00a0\u00a0\u00a0\u00a0\u00a0\u00a0\u00a0\u00a0\u00a0 <a href=\"https:\/\/www.freiburg-schwarzwald.de\/blog\/el-hierro-windkraft-und-psw\/psw-elhierro-see2013\/\" rel=\"attachment wp-att-30422\"><img loading=\"lazy\" decoding=\"async\" class=\"alignnone size-thumbnail wp-image-30422\" title=\"psw-elhierro-see2013\" src=\"https:\/\/www.freiburg-schwarzwald.de\/blog\/wp-content\/uploads\/2013\/05\/psw-elhierro-see2013-180x119.jpg\" alt=\"\" width=\"180\" height=\"119\" srcset=\"https:\/\/www.freiburg-schwarzwald.de\/blog\/wp-content\/uploads\/2013\/05\/psw-elhierro-see2013-180x119.jpg 180w, https:\/\/www.freiburg-schwarzwald.de\/blog\/wp-content\/uploads\/2013\/05\/psw-elhierro-see2013.jpg 640w\" sizes=\"auto, (max-width: 180px) 100vw, 180px\" \/><\/a>\u00a0\u00a0\u00a0\u00a0\u00a0\u00a0\u00a0\u00a0\u00a0 <a href=\"https:\/\/www.freiburg-schwarzwald.de\/blog\/el-hierro-windkraft-und-psw\/psw-elhierro-rohre2013\/\" rel=\"attachment wp-att-30423\"><img loading=\"lazy\" decoding=\"async\" class=\"alignnone size-thumbnail wp-image-30423\" title=\"psw-elhierro-rohre2013\" src=\"https:\/\/www.freiburg-schwarzwald.de\/blog\/wp-content\/uploads\/2013\/05\/psw-elhierro-rohre2013-115x180.jpg\" alt=\"\" width=\"115\" height=\"180\" srcset=\"https:\/\/www.freiburg-schwarzwald.de\/blog\/wp-content\/uploads\/2013\/05\/psw-elhierro-rohre2013-115x180.jpg 115w, https:\/\/www.freiburg-schwarzwald.de\/blog\/wp-content\/uploads\/2013\/05\/psw-elhierro-rohre2013.jpg 410w\" sizes=\"auto, (max-width: 115px) 100vw, 115px\" \/><\/a><br \/>\n(1) Windpark auf El Hierro\u00a0\u00a0\u00a0\u00a0\u00a0\u00a0\u00a0\u00a0\u00a0\u00a0\u00a0\u00a0\u00a0\u00a0\u00a0\u00a0\u00a0\u00a0\u00a0\u00a0\u00a0\u00a0 (2) PSW-See\u00a0\u00a0\u00a0\u00a0\u00a0\u00a0\u00a0\u00a0\u00a0\u00a0\u00a0\u00a0\u00a0\u00a0\u00a0\u00a0\u00a0\u00a0\u00a0\u00a0\u00a0\u00a0\u00a0\u00a0\u00a0\u00a0\u00a0\u00a0\u00a0\u00a0\u00a0\u00a0\u00a0\u00a0\u00a0\u00a0\u00a0\u00a0\u00a0\u00a0\u00a0\u00a0\u00a0\u00a0\u00a0\u00a0(3) Rohre<\/p>\n<p dir=\"ltr\">(1) \u00d6ltanker links gro\u00df zum Vergleich &#8211; Bilder: Eva Stegen<br \/>\n(3) 3 km langes Rohrsystem, zu 1\/6 unterirdisch aus Naturschutzgr\u00fcnden<\/p>\n<p dir=\"ltr\">Nun gibt es kein Seekabel, das Schwankungen im Mikro-Smart-Grid der Insel ausb\u00fcgeln k\u00f6nnte. Also hat hier das Pumpspeicherkraftwerk seinen gro\u00dfen Auftritt. Mit \u00fcbersch\u00fcssigem Windstrom wird Wasser ins Oberbecken gepumpt und bei Bedarf mit dem systemimmanenten F\u00fcnftel Verlust \u00fcber die vier 2.8 MW-Turbinen auf dem Weg ins Unterbecken verstromt. Das Oberbecken fasst 380.000 m3 Wasser, ein 24-tel des Atdorfer Planspiels. Gigantische Erd- und Baustofftransporte konnten vermieden werden, da ein alter Vulkankrater, die Caldera, die Beckenstruktur vorgibt. Der vulkanische Pic\u00f3n-Boden sorgt naturgem\u00e4\u00df f\u00fcr eine gewisse Inkontinenz der Insel \u2013 sie kann das Wasser nicht halten. Das bisschen Regen, was hier anf\u00e4llt (El Hierro: 181 mm\/a; \u00a0Freiburg: 908 mm\/a) l\u00e4uft grad so durch. Daher gibt es keine Fl\u00fcsse, kein Laufwasserkraftwerk und auch die Caldera wurde mit einer wasserdichten, reparaturf\u00e4higen Schicht ausgekleidet. Sie dient n\u00e4mlich nicht nur als Energie-, sondern auch als S\u00fc\u00dfwasser-Speicher, was \u00a0ihre gr\u00f6\u00dfere Dimensionierung gegen\u00fcber dem Unterbecken erkl\u00e4rt. Jeder Tropfen Wasser, der nicht freiwillig in die Becken regnet, muss zuvor durch die Insel-eigene Meerwasser-Entsalzungsanlage \u2013 dem gr\u00f6\u00dften Stromabnehmer von El Hierro. Ohne Trinkwasser w\u00e4re die Insel unbewohnbar. Landwirtschaft w\u00e4re trotz des herrlichen Klimas undenkbar. \u00a0Da der Wasserhaushalt der Insel nicht minutengenau reguliert werden muss, f\u00e4llt der Wasseranlage als dritte Funktion noch ein St\u00fcck demand-side management zur Netzstabilisierung zu.<\/p>\n<p dir=\"ltr\">Das Windwasserkraftwerk soll den Stromverbrauch decken, der f\u00fcr 2050 prognostiziert wurde: 47 GWh. Die Praxis wird zeigen, ob das Dieselkraftwerk mit dieser Kombitechnik zu maximalem Schattendasein verdonnert wird, oder ob man nutzen m\u00f6chte, was schon in Deutschland verbl\u00fcffend gut funktioniert: Das <a title=\"Fraunhofer-ISE\" href=\"https:\/\/www.freiburg-schwarzwald.de\/blog\/energie\/solar\/fraunhofer-ise\/\">Fraunhoferinstitut ise <\/a>demonstriert anhand w\u00f6chentlich aktualisierter Zahlen eine geradezu <strong>ideale Erg\u00e4nzung von Sonnen- und Windenergie<\/strong>. Doch noch erstrecken sich auf den H\u00e4usern der 11.000 Inselbewohner Dachbrachen soweit das Auge reicht. Auch Stromsparpotenziale schlummern dort: Elektroboiler allenthalben. Im \u2013 aus kanarischer Sicht \u2013mit 1740 Sonnenstunden pro Jahr unterbelichtetem Freiburg ist das lokale Handwerk einfach schon routinierter in Sachen Solarthermie unterwegs, w\u00e4hrend auf den Inseln des ewigen Fr\u00fchlings mit 3500 Sonnenstunden j\u00e4hrlich, noch echte solare Ber\u00fchrungs\u00e4ngste \u00fcberwunden werden m\u00fcssen.<br \/>\nDr. Eva Stegen, <a href=\"https:\/\/www.solarregion.net\">www.solarregion.net<\/a> , <a title=\"EWS-Schoenau\" href=\"https:\/\/www.freiburg-schwarzwald.de\/blog\/energie\/strom\/ews-schoenau\/\">EWS Sch\u00f6nau <\/a><\/p>\n","protected":false},"excerpt":{"rendered":"<p>El Hierro \u2013 regenerative Vollversorgung im Inselnetz. Wer nach dem deutschen Atomausstieg 2.0 das Aus f\u00fcr das Pumpspeicherkraftwerk PSW Atdorf nahen sieht oder das Gemaule der PSW-Betreiber in der Schweizer Presse verfolgt, ahnt, dass es zwischen PSW-Technologie und der Atomkraft &hellip; <a href=\"https:\/\/www.freiburg-schwarzwald.de\/blog\/el-hierro-windkraft-und-psw\/\">Weiterlesen <span class=\"meta-nav\">&rarr;<\/span><\/a><\/p>\n","protected":false},"author":4,"featured_media":0,"comment_status":"open","ping_status":"closed","sticky":false,"template":"","format":"standard","meta":{"footnotes":""},"categories":[14,67,132,242,130,395],"tags":[239,151,305],"class_list":["post-30420","post","type-post","status-publish","format-standard","hentry","category-global","category-naturschutz","category-strom","category-wasser","category-wasserkraft","category-wind","tag-energiesparen","tag-erneuerbare-energien","tag-windkraft"],"_links":{"self":[{"href":"https:\/\/www.freiburg-schwarzwald.de\/blog\/wp-json\/wp\/v2\/posts\/30420","targetHints":{"allow":["GET"]}}],"collection":[{"href":"https:\/\/www.freiburg-schwarzwald.de\/blog\/wp-json\/wp\/v2\/posts"}],"about":[{"href":"https:\/\/www.freiburg-schwarzwald.de\/blog\/wp-json\/wp\/v2\/types\/post"}],"author":[{"embeddable":true,"href":"https:\/\/www.freiburg-schwarzwald.de\/blog\/wp-json\/wp\/v2\/users\/4"}],"replies":[{"embeddable":true,"href":"https:\/\/www.freiburg-schwarzwald.de\/blog\/wp-json\/wp\/v2\/comments?post=30420"}],"version-history":[{"count":0,"href":"https:\/\/www.freiburg-schwarzwald.de\/blog\/wp-json\/wp\/v2\/posts\/30420\/revisions"}],"wp:attachment":[{"href":"https:\/\/www.freiburg-schwarzwald.de\/blog\/wp-json\/wp\/v2\/media?parent=30420"}],"wp:term":[{"taxonomy":"category","embeddable":true,"href":"https:\/\/www.freiburg-schwarzwald.de\/blog\/wp-json\/wp\/v2\/categories?post=30420"},{"taxonomy":"post_tag","embeddable":true,"href":"https:\/\/www.freiburg-schwarzwald.de\/blog\/wp-json\/wp\/v2\/tags?post=30420"}],"curies":[{"name":"wp","href":"https:\/\/api.w.org\/{rel}","templated":true}]}}