{"id":30395,"date":"2013-04-18T18:04:48","date_gmt":"2013-04-18T16:04:48","guid":{"rendered":"https:\/\/www.freiburg-schwarzwald.de\/blog\/?p=30395"},"modified":"2013-09-23T14:17:32","modified_gmt":"2013-09-23T12:17:32","slug":"daniel-cohn-bendit-hosenlatz","status":"publish","type":"post","link":"https:\/\/www.freiburg-schwarzwald.de\/blog\/daniel-cohn-bendit-hosenlatz\/","title":{"rendered":"Daniel Cohn-Bendit Hosenlatz"},"content":{"rendered":"<p>Daniel Cohn-Bendit (DCB) von den Gr\u00fcnen schrieb 1975 w\u00f6rtlich: \u201dMein st\u00e4ndiger Flirt mit den Kindern nahm bald erotische Z\u00fcge an. Ich konnte f\u00fchlen, wie die kleinen M\u00e4dchen von 5 Jahren schon gelernt hatten, <a title=\"Maenner\" href=\"https:\/\/www.freiburg-schwarzwald.de\/blog\/selbsthilfe\/maenner\/\">mich<\/a> anzumachen. Es ist mir mehrmals passiert, dass <a title=\"Kinder\" href=\"https:\/\/www.freiburg-schwarzwald.de\/blog\/selbsthilfe\/kinder\/\">Kinder <\/a>meinen Hosenlatz ge\u00f6ffnet und angefangen haben, <a title=\"Sexuellermissbrauch\" href=\"https:\/\/www.freiburg-schwarzwald.de\/blog\/selbsthilfe\/krise\/sexuellermissbrauch\/\">mich zu streicheln<\/a>.\u201d<!--more--><\/p>\n<p>&nbsp;<\/p>\n<p><strong>Keine Silbe \u00fcber all die raffinierten Manipulationen<br \/>\n<\/strong>Eine bessere Sonntagsrede h\u00e4tte kein Politiker halten k\u00f6nnen. Als Gr\u00fcndungsmitglied der Gr\u00fcnen geh\u00f6rte ich 1979 dem Vorstand in Freiburg an. So ist mir noch gut in Erinnerung, wie es zum fast einstimmigen Beschluss kam, wonach &#8222;Jugendliche das Selbstbestimmungsrecht erhalten, sexuelle Beziehungen mit Erwachsenen zu haben, ohne dass sich diese strafbar machen&#8220;. F\u00fcr mich war dies der Grund, mein Vorstandsamt niederzulegen. Welche Hinterm\u00e4nner hinter diesen und weiteren &#8222;antib\u00fcrgerlichen&#8220; Beschl\u00fcssen standen, erfuhr ich erst sp\u00e4ter, was mich veranlasste auszutreten. Man kann 30 Jahre sp\u00e4ter, diese einstigen Beschl\u00fcsse als &#8222;gr\u00fcner Irrtum der Programmlyrik&#8220; umschreiben, wie es Herr Hauser formuliert hat. Doch keine Silbe dar\u00fcber, wie durch raffinierte Manipulation viele der heute so umjubelten &#8222;Realpolitiker&#8220; die damaligen Beschl\u00fcsse durchgepaukt hatten. Tragisch ist die Tatsache, wie in den anschlie\u00dfenden Jahren die nun auf Sozial- und Friedenspolitik orientierte Partei, kaum an der Macht beteiligt, Verfechter von Schr\u00f6ders Harz-IV-Gesetzen wird. Und es ist kaum zu fassen: Milit\u00e4reins\u00e4tze der Bundeswehr werden zu Friedenseins\u00e4tzen umdekoriert. Jetzt, vor der Bundestagswahl, f\u00e4llt den Gr\u00fcnen ein, die von ihnen mitbeschlossenen Reformgesetze reformieren zu wollen. Mit inhaltslosen Wahlversprechen hofft die F\u00fchrungsriege verhindern zu k\u00f6nnen, dass die Partei nicht wieder hinter Die Linke kommt.<br \/>\n7.6.2013, Wolfgang Schmidt, Freiburg&#8216;<br \/>\n\u00a0\u00a0\u00a0\u00a0<br \/>\nEs geh\u00f6rt zur Ironie der Geschichte, dass jene, die sich ihres Urteils \u00fcber die V\u00e4tergeneration damals so sicher waren, heute ihre Kritiker beschw\u00f6ren, ihr Reden und Verhalten nicht mit heutigen Ma\u00dfst\u00e4ben, sondern aus der Zeit heraus zu interpretieren. Nur so k\u00f6nne man es begreifen. Und dass ihre Kritiker \u00e4hnlich harsch argumentieren, wie sie einstmals selbst. &#8230;.. Alles zu\u00a0&#8222;Von den T\u00fccken der Aufkl\u00e4rung&#8220; von Thomas Hauser (P\u00a0vom 18.5.2013\u00a0lesen auf<br \/>\n<a href=\"https:\/\/www.badische-zeitung.de\/kommentare-1\/der-umgang-der-gruenen-mit-ihrer-geschichte-von-den-tuecken-der-aufklaerung--72003434.html\">https:\/\/www.badische-zeitung.de\/kommentare-1\/der-umgang-der-gruenen-mit-ihrer-geschichte-von-den-tuecken-der-aufklaerung&#8211;72003434.html<\/a><\/p>\n<p><strong>Die Gr\u00fcnen waren die einzige Partei, die p\u00e4dophilen Straft\u00e4tern\u00a0wie Ullmann eine B\u00fchne bot<\/strong><br \/>\nIn den 80er Jahren war ein verurteilter P\u00e4dophiler bei den Gr\u00fcnen aktiv. Heute mag sich dort niemand an ihn erinnern, auch nicht Volker Beck, Ulrich Str\u00f6bele\u00a0und Renate K\u00fcnast. &#8230;.<br \/>\nDieter F. Ullmann forderte freien Sex mit Kindern &#8211; auch \u00f6ffentlich.\u00a01985 wurde er sogar Koordinator der zust\u00e4ndigen gr\u00fcnen Arbeitsgemeinschaft, &#8230;.<br \/>\nZwischen 1980 und 1996 wurde Ullmann sechsmal wegen sexuellen Mi\u00dfbrauchs von Kindern und anderer einschl\u00e4giger Taten verurteilt. Im Dezember 1988 beispielsweise wurde er wegen Oralverkehrs und versuchten Analverkehrs mit einem Siebenj\u00e4hrigen zu einer Freiheitsstrafe von zwei Jahren und sechs Monaten verurteilt. &#8230;<br \/>\n<a title=\"Partei\" href=\"https:\/\/www.freiburg-schwarzwald.de\/blog\/vereine\/partei\/\">Die Gr\u00fcnen <\/a>waren die einzige Partei, die p\u00e4dophilen Straft\u00e4tern wie Ullmann eine B\u00fchne bot. &#8230;<br \/>\nAlles zu &#8222;GR\u00dcNE &#8211; Rosa Flieder&#8220; vom 27.5.2013, S. 46, bitte lesen auf <a href=\"https:\/\/www.spiegel.de\">www.spiegel.de<\/a><\/p>\n<p>&nbsp;<\/p>\n<p><strong>Cohn-Bendit ist mitverantwortlich f\u00fcr den Missbrauch von Kindern<\/strong><br \/>\nMatthias Katsch hat sexuelle Gewalt erlitten, als Sch\u00fcler am Canisius-Kolleg in Berlin. Er trug 2010 ma\u00dfgeblich dazu bei, dass der jahrzehntelange Missbrauch an katholischen Schulen \u00f6ffentlich wurde. Als Vorsitzender der Opfergruppe \u201eEckiger Tisch\u201c geht Katsch im FOCUS-Online-Interview hart ins Gericht mit Cohn-Bendit und seinen Gesinnungsgenossen. &#8230;.<br \/>\n&#8222;Cohn-Bendit ist mitverantwortlich f\u00fcr den Missbrauch von Kindern. Aber der Vorwurf trifft nicht nur ihn \u2013 viele Menschen sollten ein schlechtes Gewissen haben. Gerade die Linken und Liberalen jener Zeit m\u00fcssen erkennen, dass sie bei der sexuellen Revolution nach 1968 in diesem Punkt \u00fcber das Ziel hinausgeschossen sind. Bei manchen war P\u00e4dophilie, getarnt als einvernehmliche Sexualit\u00e4t, damals quasi gesellschaftsf\u00e4hig.&#8220;<br \/>\n&#8222;Cohn-Bendit ist mitverantwortlich f\u00fcr den Missbrauch von Kindern. Aber der Vorwurf trifft nicht nur ihn \u2013 viele Menschen sollten ein schlechtes Gewissen haben. Gerade die Linken und Liberalen jener Zeit m\u00fcssen erkennen, dass sie bei der sexuellen Revolution nach 1968 in diesem Punkt \u00fcber das Ziel hinausgeschossen sind. Bei manchen war P\u00e4dophilie, getarnt als einvernehmliche Sexualit\u00e4t, damals quasi gesellschaftsf\u00e4hig. &#8230;..&#8220;<br \/>\nAlles vom 17.5.2013 bitte lesen auf<br \/>\n<a href=\"https:\/\/www.focus.de\/politik\/deutschland\/opfervertreter-klagt-an-cohn-bendit-ist-mitverantwortlich-fuer-kindesmissbrauch_aid_993098.html\">https:\/\/www.focus.de\/politik\/deutschland\/opfervertreter-klagt-an-cohn-bendit-ist-mitverantwortlich-fuer-kindesmissbrauch_aid_993098.html<\/a><br \/>\n\u00a0\u00a0<\/p>\n<p>\u00a0<strong>&#8230; wird mir schlecht<\/strong><br \/>\nMir war die Aussage &#8222;Mein st\u00e4ndiger Flirt mit den Kindern nahm erotische Z\u00fcge an. Es ist mehrmals passiert, dass einige Kinder meinen Hosenlatz ge\u00f6ffnet und angefangen haben, mich zu streicheln.&#8220; nicht bekannt und wenn ich ihn lese, wird mir schlecht. Wenn ich dann aber auch noch als Entschuldigen von Parteifreunden lesen muss, dem Verfasser seien &#8222;die Pferde durchgegangen&#8220;, wof\u00fcr &#8222;die Medien ja auch lieben&#8220; kann ich es nicht mehr halten. Wer solche Zeilen geschrieben hat, d\u00fcrfte zumindest zur damaligen Zeit ein erhebliches psychisches Problem gehabt haben, was seine politische Tauglichkeit doch einigerma\u00dfen fraglich erscheinen l\u00e4sst.<br \/>\n16.5.2013, Ayreon<\/p>\n<p>&nbsp;<\/p>\n<p><strong>V\u00f6llig egal, ob das nun real oder Fiktion ist<\/strong><br \/>\n&#8222;ZEIT: Ob Cohn-Bendit dauerhaft besch\u00e4digt ist, h\u00e4ngt an der Frage, ob er von realen Erfahrungen erz\u00e4hlt hat oder nur provozieren wollte.&#8220;<br \/>\nNein, das h\u00e4ngt in keiner Weise von dieser Frage ab. Wer einmal das Leid mi\u00dfbrauchter Kinder kennengelernt hat, wer auch nur einmal ihren zerst\u00f6rten Seelen begegnet ist und wer begriffen hat, dass diese Kinder ihr Leben lang unter dem Mi\u00dfbrauch leiden werden, Beziehungsprobleme, Schuldkomplexe und Gef\u00fchlsarmut ertragen m\u00fcssen, dem ist es v\u00f6llig egal, ob das nun real oder Fiktion ist. Sexuelle \u00dcbergriffe auf Kinder sind weder als fiktive Provokation noch im echten Leben in irgendeinerweise akzeptabel. Kinder als Mittel zum Zweck, wenn auch nur zum stilistischen Mittel, zu mi\u00dfbrauchen, ist zum Kotzen. Ich hoffe, das passt jetzt auch mal vollumf\u00e4nglich und nachhaltig in die K\u00f6pfe, die glauben, dieses Thema auf einem scheibar intellektuellem Niveau sezieren zu m\u00fcssen.<br \/>\n16.5.2013, Seitenhieb<br \/>\n\u00a0\u00a0\u00a0<br \/>\n&#8222;Wer Dany kennt, wei\u00df: Sprachliche Grenz\u00fcberschreitungen sind sein Markenzeichen.&#8220;<br \/>\nSehr geehrte Frau Beck,<br \/>\ndann fragen Sie doch mal Ihren Parteikollegen Daniel Cohn-Bendit, ob er Ihrer Partei einen gro\u00dfen Gefallen tun w\u00fcrde. N\u00e4mlich an Eides statt zu erkl\u00e4ren, dass er nie in seinem Leben Kinder im strafrechtlichen Sinne sexuell missbrauch hat. Dann h\u00e4tten Sie alle ein Problem weniger im Wahlkampf. Und das g\u00f6nne ich Ihnen. &#8230;.<br \/>\nIch glaube Ihnen, dass Herr Cohn-Bendit im allt\u00e4glichen Umgang ein origineller und lustiger Mensch ist.<br \/>\nDas Problem liegt darin, dass dies auf sehr viele vermeintliche &#8222;Kinderfreunde &#8220; zutrifft.\u00a0Dazu Dr. Anita Heiliger<br \/>\n<a href=\"https:\/\/www.anita-heiliger.de\/htm\/taeterstrategien_bei_sexuellem_missbrauch.pdf\" target=\"_blank\">https:\/\/www.anita-heiliger.de\/htm\/taeterstrategien_bei_sexuellem_missbrauch.pdf<\/a><br \/>\nMit freundlichen Gr\u00fc\u00dfen,<br \/>\n16.5.2013, Angelika Oetken, Berlin-K\u00f6penick, eine von \u00fcber 7 Millionen Wahlberechtigten in Deutschland, die in der Kindheit Opfer schweren sexuellen Missbrauchs wurden<br \/>\n\u00a0\u00a0\u00a0\u00a0\u00a0\u00a0<\/p>\n<p>Leserbrief zu\u00a0&#8222;Die Gr\u00fcnen-Veteranin Marieluise Beck \u00fcber Daniel Cohn-Bendit und die &#8222;Befreiung&#8220; der kindlichen Sexualit\u00e4t&#8220;\u00a0 vom 16.5.2013 lesen auf <a href=\"https:\/\/www.zeit.de\/2013\/21\/marieluise-beck-paedophilie-debatte\">https:\/\/www.zeit.de\/2013\/21\/marieluise-beck-paedophilie-debatte<\/a>\u00a0<br \/>\n\u00a0\u00a0\u00a0\u00a0\u00a0\u00a0\u00a0<br \/>\n<strong>&#8230; an ihnen herumfummeln<\/strong><br \/>\nDie Zeitschrift Stern schrieb 2006: \u201eCohn-Bendit wird sp\u00e4ter in einem Frankfurter Kindergarten, wo er als Erzieher jobbt, seine Sch\u00fctzlinge an sich herumfummeln lassen und seinerseits an ihnen herumfummeln. Ist das P\u00e4dophilie? Nach heutigen Ma\u00dfst\u00e4ben ganz bestimmt. Doch damals gilt: Was verboten ist, ist automatisch subversiv, und wer es tut, leistet politischen Widerstand.\u201c Cohn-Bendit spricht von der \u201eLust zu provozieren\u201c. Im Strom des \u201eEs-ist-verboten-zu-verbieten\u201c schwammen auch ganz tr\u00fcbe Elemente mit, die sich auch gerne an Kindern vergriffen. Einige von ihnen versuchten, mit Hilfe der Gr\u00fcnen die Sexualstrafgesetze zu ver\u00e4ndern. Im Landesverband NRW der Gr\u00fcnen etwa war Anfang der achtziger Jahre eine Arbeitsgruppe \u201eSchwule und P\u00e4derasten\u201c (kurz \u201eSchwup\u201c) t\u00e4tig, die 1985 ein Papier ver\u00f6ffentlichte, worin gefordert wurde, dass jede sexuelle Handlung, die unter den Beteiligten gewaltfrei ausge\u00fcbt werde, straffrei sein m\u00fcsse. W\u00f6rtlich hie\u00df es in dem Papier, Sex mit Kindern sei \u201ef\u00fcr beide Teile angenehm, produktiv, entwicklungsf\u00f6rdernd, kurz positiv.\u201c Dieses skandal\u00f6se Papier wurde im M\u00e4rz 1985 von der Landesdelegiertenkonferenz der Gr\u00fcnen mit deutlicher Mehrheit f\u00fcr das Wahlprogramm angenommen, aber nach Protesten der \u00d6ffentlichkeit wieder zur\u00fcckgezogen.<br \/>\n18.5.2013, martin Jonaha<\/p>\n<p>Sophie Dannenberg im Cicero \u00fcber ihre Kindheit im Kinderladen:<br \/>\n<a href=\"https:\/\/www.cicero.de\/salon\/sophie-dannenberg-kind-68er-wir-waren-gluecklich-und-einige-von-uns-wurden-sexuell-missbraucht\/54468\" target=\"_blank\">https:\/\/www.cicero.de\/salon\/sophie-dannenberg-kind-68er-wir-waren-gluecklich-und-einige-von-uns-wurden-sexuell-missbraucht\/54468<\/a><br \/>\nWar nicht alles so super damals. Kinder sehen Dinge anders wie ihre Betreuer.<\/p>\n<p>Machen Sie sich selbst ein Bild:<br \/>\n<a href=\"https:\/\/www.youtube.com\/watch?v=M0qvkg2nzg8\" target=\"_blank\">https:\/\/www.youtube.com\/watch?v=M0qvkg2nzg8<\/a><br \/>\nund weiter gehts:<br \/>\n<a href=\"https:\/\/www.youtube.com\/watch?v=cmOS0dHALKA&amp;list=PL83D90EA3BFA218BD\" target=\"_blank\">https:\/\/www.youtube.com\/watch?v=cmOS0dHALKA&amp;list=PL83D90EA3BFA218BD<\/a><br \/>\n\u00a0\u00a0\u00a0<\/p>\n<p>Sp\u00e4testens als der Missbrauchsskandal in der katholischen Kirche bekannt wurde, h\u00e4tten sich die Gr\u00fcnen mit der Enttabuisierung von Sex mit Kindern in ihren eigenen Reihen und mit DCB besch\u00e4ftigen m\u00fcssen.<br \/>\n<a href=\"https:\/\/www.focus.de\/politik\/deutschland\/opfervertreter-klagt-an-cohn-bendit-ist-mitverantwortlich-fuer-kindesmissbrauch_aid_993098.html\" target=\"_blank\">https:\/\/www.focus.de\/politik\/deutschland\/opfervertreter-klagt-an-cohn-bendit-ist-mitverantwortlich-fuer-kindesmissbrauch_aid_993098.html<\/a><\/p>\n<p>Theodor-Heuss-Preis an Daniel Cohn-Bendit:<br \/>\n<a href=\"https:\/\/www.freiburg-schwarzwald.de\/blog\/theodor-heuss-preis-2013-dcb\/\">https:\/\/www.freiburg-schwarzwald.de\/blog\/theodor-heuss-preis-2013-dcb\/<\/a>\u00a0(14.3.2013)<br \/>\n\u00a0\u00a0\u00a0\u00a0<br \/>\n<strong>P\u00e4dophilie als Programm von DCB und den Gr\u00fcnen<br \/>\n<\/strong>Einen Parteitag wie den der Gr\u00fcnen 1985 in Bad Godesberg hat es seitdem nie mehr gegeben. &#8230; Im Windshatten der Schwuklenbewegung hatten P\u00e4dophile durchgesetzt &#8230; &#8222;das gesamte Sexualstrafrecht zu streichen&#8220;. Daraufhin standen die Gr\u00fcnen, wie die taz damals h\u00f6hnisch schrieb, nicht nur in der gesamten Presse als &#8222;Kinderficker&#8220; da.<br \/>\nDIE ZEIT, 16.5.2013, Seite 6, <a href=\"https:\/\/www.zeit.de\">www.zeit.de<\/a><\/p>\n<p>&nbsp;<\/p>\n<p>&nbsp;<\/p>\n<p><strong>Verleihung des Theodor-Heuss-Preis durch Winfried Kretschmann an Cohn-Bendit am 20.04.2013 <\/strong><\/p>\n<p>Ein aktuelles und fatales Beispiel f\u00fcr die auf Verdr\u00e4ngung und Verleugnung zielende Politik f\u00fchrender gr\u00fcner Spitzenpolitiker stellt die Verleihung des Theodor-Heuss-Preises durch den gr\u00fcnen Ministerpr\u00e4sidenten von Baden-W\u00fcrttemberg Winfried Kretschmann an Cohn-Bendit am 20.04.2013 im Neuen Schloss in Stuttgart dar.<br \/>\nCohn-Bendit ist der Sohn eines j\u00fcdischen Berliner Rechtsanwalts und wurde 1945 in Frankreich geboren. In den Nachkriegsjahren besuchte Cohn-Bendit die Odenwaldschule, die 1910 von Paul Geheeb gegr\u00fcndet und von dem j\u00fcdischen Gesch\u00e4ftsmann Max Cassirer finanziert wurde. Die Verleihung des Theodor-Heuss-Preises im Jahr 2013 an Cohn-Bendit wurde von zahlreichen Protesten seitens der Opposition und der Bev\u00f6lkerung begleitet. Die Proteste beruhten darauf, dass Cohn-Bendit gegen\u00fcber der \u00d6ffentlichkeit jahrzehntelang von \u201eerotischen Spielen mit Kindern\u201c geschw\u00e4rmt hatte. In seinem Buch \u201eDer grosse Basar\u201c berichtete Cohn-Bendit unter anderem, dass er sich von den<br \/>\nKindern einer von ihm betreuten gr\u00fcnen Kindergruppe sexuell stimulieren und den Hosenlatz \u00f6ffnen liess und dass er selbst vergleichbare Handlungen an den Kindern vorgenommen habe. Es handelt sich hierbei um strafbeschwerte Handlungen iSd \u00a7 176 StGB. Hier sieht man Cohn-Bendit w\u00e4hrend einer Talkshow zum Thema.<br \/>\n\u00a0<a href=\"https:\/\/www.youtube.com\/watch?v=A93gYh6ITmY\">https:\/\/www.youtube.com\/watch?v=A93gYh6ITmY<\/a>\u00a0<br \/>\nNachdem Cohn-Bendits Berichte \u00fcber \u201eerotische Spiele mit Kindern\u201c bereits im Jahr 2001 zu emp\u00f6rten Reaktionen seitens der Bev\u00f6lkerung f\u00fchrten, hatte Cohn-Bendit sich auf die Schutzbehauptung zur\u00fcckgezogen, wonach es sich bei seinen Berichten nur um Phantasien gehandelt habe. Die nachgeschobenen Behauptungen sind nicht glaubhaft,<br \/>\nnachdem Cohn-Bendit in der \u00d6ffentlichkeit zuvor jahrelang mit seinen p\u00e4dophilen Erfahrungen geprahlt hatte. Jedoch selbst f\u00fcr den Fall, dass es sich bei den Schilderungen tats\u00e4chlich nur um Phantasien gehandelt haben sollte, so versteht sich von selbst, dass ein Politiker, der sich jahrelang mit sexuellen Straftaten ber\u00fchmt hat, kein Vorbild f\u00fcr demokratisches Verhalten sein kann (was mit dem Preis impliziert wurde). Zwar erscheinen die von Cohn-Bendit<br \/>\nberichteten Intimit\u00e4ten auf den ersten Blick als harmlos, nachdem Cohn-Bendit gegen\u00fcber den Kindern anscheinend keine physische Gewalt angewendet hatte. Gleichwohl handelte es sich nach deutschem Recht um Straftaten, zumal das Alter der Kinder sich zwischen 16 Monaten und f\u00fcnf Jahren bewegte. Und gerade die Berichte der (\u00fcberlebenden) Odenwaldsch\u00fcler zeigen, wie schnell \u201eerotische Spiele\u201c in brutale Gewaltakte umschlagen k\u00f6nnen und wie leicht Erwachsene Kinder auch ohne Aus\u00fcbung k\u00f6rperlicher Gewalt zu sexuellen Handlungen veranlassen k\u00f6nnen, obwohl die Kinder diese nicht w\u00fcnschen. Infolge der Preisverleihung signalisierte die Theodor-Heuss-Stiftung, dass es sich bei sexuellen Straftaten um harmlose Kavaliersdelikte handeln w\u00fcrde, denen keine Bedeutung zukommt ohne R\u00fccksicht darauf, welche Signalwirkung von der Preisverleihung an die p\u00e4dophile Szene ausgehen<br \/>\nmusste.\u00a0\u00a0Vielleicht lag diese sogar in der Absicht der Akteure der Preisverleihung. Denn zum Vorstand und Kuratorium der Theodor-Heuss-Stiftung z\u00e4hlen mehrere Personen, unter deren Aufsicht die Odenwaldsch\u00fcler vergewaltigt wurden, z. B. der langj\u00e4hrige Schulleiter Wolfgang Harder. Bei Harder handelt es sich um den Nachfolger des medienbekannten p\u00e4dophilen Schulleiters Helmut Becker.\u00a0<a href=\"https:\/\/glasbrechen.de\/\">https:\/\/glasbrechen.de\/<\/a>\u00a0<br \/>\nObwohl Harder bereits 1985 dar\u00fcber informiert wurde, dass die sexuellen Straftaten seitens der Lehrerschaft auch nach dem Ausscheiden von Becker fortdauerten, hatte Harder es pflichtwidrig unterlassen der Qual der Sch\u00fcler ein Ende zu bereiten, bzw. die gebotenen disziplinarischen und strafrechtlichen Schritte gegen die verbliebenen p\u00e4dophilen Lehrer zu unternehmen.\u00a0\u00a0<a href=\"https:\/\/www.fr-online.de\/missbrauch\/ex-leiter-der-odenwaldschule-unter-druck--hier-gab-es-keine-klaerung-,1477336,2788474.html\">https:\/\/www.fr-online.de\/missbrauch\/ex-leiter-der-odenwaldschule-unter-druck&#8211;hier-gab-es-keine-klaerung-,1477336,2788474.html<\/a><\/p>\n<p>Zum Vorstand und Kuratorium der Theodor-Heuss-Stiftung z\u00e4hlen zudem Kretschmann selbst sowie der gr\u00fcne Bundesfraktionsvorsitzende Cem \u00d6zdemir sowie der langj\u00e4hrige PR-Berater der Gr\u00fcnen Gregor Hopf. Bereits im Jahr zuvor hatte die Stiftung den Preis an Cohn-Bendits j\u00fcdischen Lehrer der Odenwaldschule Wolfgang Edelstein\u00a0 ergeben. Und bezeichnenderweise liess Kretschmann, der sich in der \u00d6ffentlichkeit zusammen mit seiner Frau\u00a0 (beide Lehrer) als b\u00fcrgernahen und kinderlieben Onkel verkauft, die ehemaligen Sch\u00fcler der Odenwaldschule, die vor dem Geb\u00e4ude gegen die Preisverleihung an Cohn-Bendit demonstrierten, draussen im Regen stehen, w\u00e4hrend Kretschmann und die sonderbaren Kinderfreunde sich im Inneren des Neuen Stuttgarter Schlosses an Schampus labten und sich gegenseitig mit Lobreden \u00fcberh\u00e4uften. Kretschmann vertrat die Auffassung, wonach die zur\u00fcckliegenden S\u00fcnden der Vergangenheit Vergebung verdienen w\u00fcrden.<br \/>\n<a href=\"https:\/\/www.schwaebische.de\/region\/wir-im-sueden\/baden-wuerttemberg_artikel,-Kretschmann-verteidigt-erneut-Cohn-Bendit-_arid,5427030.html\">https:\/\/www.schwaebische.de\/region\/wir-im-sueden\/baden-wuerttemberg_artikel,-Kretschmann-verteidigt-erneut-Cohn-Bendit-_arid,5427030.html<\/a><br \/>\nDie bleibenden Traumata der Opfer gr\u00fcner Politik, die von der Polizei am Betreten des Neuen Schlosses gehindert wurden, waren Kretschmann offensichtlich egal, der sich selber und dem Rest der gr\u00fcnen Szene anl\u00e4sslich der Preisverleihung die Absolution erteilte und zu diesem Zweck die Preisverleihung an Cohn-Bendit inszenierte,<br \/>\ndie offiziell mit demokratischen Verdiensten von Cohn-Bendit begr\u00fcndet wurde. Der Journalist Axel Krauss kommentierte die Preis-Verleihung wie folgt\u00a0\u00a0\u201eSchade, dass in den Zankereien um lange zur\u00fcckliegende p\u00e4dophile<br \/>\n\u00c4u\u00dferungen des gr\u00fcnen Kohlen-Banditen im Zusammenhang mit der Verleihung des Theodor-Heuss-Preises manche anderen, nicht weniger aufschlussreichen und hochinteressanten Bonmots v\u00f6llig untergehen. Ich m\u00f6chte es so kurz wie m\u00f6glich halten, indem ich nur ein einzelnes Zitat anf\u00fchre \u2013 um zu verdeutlichen, mit welchem<br \/>\nMenschenschlag man es beim Kohlen-Banditen zu tun hat.\u00a0\u00a0Daniel Cohn-Bendit: \u201eWir, die Gr\u00fcnen, m\u00fcssen daf\u00fcr sorgen, so viele Ausl\u00e4nder wie m\u00f6glich nach Deutschland zu holen. Wenn sie in Deutschland sind, m\u00fcssen wir f\u00fcr ihr Wahlrecht k\u00e4mpfen. Wenn wir das erreicht haben, werden wir den Stimmenanteil haben, den wir brauchen, diese Republik zu ver\u00e4ndern.\u201c\u00a0\u00a0Seit wann verleiht man Geistesgest\u00f6rten einen Preis?\u00a0\u00a0Denn ob nun p\u00e4dophil oder nicht: Wer Menschen in dieser Weise als blo\u00dfe Man\u00f6vriermasse zur Durchsetzung politischer Ziele ansieht, setzt ja nur Lenins Erbe fort: N\u00fctzliche Idioten, die man zu eigenen Zwecken prima hin- und herschieben kann. Bei Leuten, die so denken, w\u00e4re die P\u00e4dophilie ja ohnehin nur noch das i-T\u00fcpfelchen auf der politpsychotischen Menschenschacher-Torte.\u201c\u00a0\u00a0<a href=\"https:\/\/ef-magazin.de\/2013\/04\/22\/4164-daniel-cohn-bendit-theodor-heuss-preis-fuer-menschenschieber\">https:\/\/ef-magazin.de\/2013\/04\/22\/4164-daniel-cohn-bendit-theodor-heuss-preis-fuer-menschenschieber<\/a><\/p>\n<p>23.9.2013<\/p>\n<p>&nbsp;<\/p>\n<p>&nbsp;<\/p>\n<p>&nbsp;<\/p>\n<div id=\"js-article-column\">\n<div>\n<p>&nbsp;<\/p>\n<\/div>\n<\/div>\n","protected":false},"excerpt":{"rendered":"<p>Daniel Cohn-Bendit (DCB) von den Gr\u00fcnen schrieb 1975 w\u00f6rtlich: \u201dMein st\u00e4ndiger Flirt mit den Kindern nahm bald erotische Z\u00fcge an. Ich konnte f\u00fchlen, wie die kleinen M\u00e4dchen von 5 Jahren schon gelernt hatten, mich anzumachen. Es ist mir mehrmals passiert, &hellip; <a href=\"https:\/\/www.freiburg-schwarzwald.de\/blog\/daniel-cohn-bendit-hosenlatz\/\">Weiterlesen <span class=\"meta-nav\">&rarr;<\/span><\/a><\/p>\n","protected":false},"author":4,"featured_media":0,"comment_status":"open","ping_status":"closed","sticky":false,"template":"","format":"standard","meta":{"footnotes":""},"categories":[61,93,65],"tags":[337,488,721,542,525],"class_list":["post-30395","post","type-post","status-publish","format-standard","hentry","category-kinder","category-kindergarten","category-sexuellermissbrauch","tag-historie","tag-child","tag-kindergarten","tag-pado","tag-politik"],"_links":{"self":[{"href":"https:\/\/www.freiburg-schwarzwald.de\/blog\/wp-json\/wp\/v2\/posts\/30395","targetHints":{"allow":["GET"]}}],"collection":[{"href":"https:\/\/www.freiburg-schwarzwald.de\/blog\/wp-json\/wp\/v2\/posts"}],"about":[{"href":"https:\/\/www.freiburg-schwarzwald.de\/blog\/wp-json\/wp\/v2\/types\/post"}],"author":[{"embeddable":true,"href":"https:\/\/www.freiburg-schwarzwald.de\/blog\/wp-json\/wp\/v2\/users\/4"}],"replies":[{"embeddable":true,"href":"https:\/\/www.freiburg-schwarzwald.de\/blog\/wp-json\/wp\/v2\/comments?post=30395"}],"version-history":[{"count":0,"href":"https:\/\/www.freiburg-schwarzwald.de\/blog\/wp-json\/wp\/v2\/posts\/30395\/revisions"}],"wp:attachment":[{"href":"https:\/\/www.freiburg-schwarzwald.de\/blog\/wp-json\/wp\/v2\/media?parent=30395"}],"wp:term":[{"taxonomy":"category","embeddable":true,"href":"https:\/\/www.freiburg-schwarzwald.de\/blog\/wp-json\/wp\/v2\/categories?post=30395"},{"taxonomy":"post_tag","embeddable":true,"href":"https:\/\/www.freiburg-schwarzwald.de\/blog\/wp-json\/wp\/v2\/tags?post=30395"}],"curies":[{"name":"wp","href":"https:\/\/api.w.org\/{rel}","templated":true}]}}