{"id":30389,"date":"2013-05-18T13:58:38","date_gmt":"2013-05-18T11:58:38","guid":{"rendered":"https:\/\/www.freiburg-schwarzwald.de\/blog\/?p=30389"},"modified":"2013-05-18T13:59:25","modified_gmt":"2013-05-18T11:59:25","slug":"fanny-feldberg-wanderung","status":"publish","type":"post","link":"https:\/\/www.freiburg-schwarzwald.de\/blog\/fanny-feldberg-wanderung\/","title":{"rendered":"Fanny Feldberg &#8211; Wanderung"},"content":{"rendered":"<p>Nach dem gro\u00dfen Erfolg im Jahr 2012 wird die szenische Wanderung \u201eMit Fanny am <a title=\"Feldberg\" href=\"https:\/\/www.freiburg-schwarzwald.de\/blog\/regio\/orte\/feldberg\/\">Feldberg<\/a>\u201c auch im Sommer 2013 angeboten: <a title=\"Wandern\" href=\"https:\/\/www.freiburg-schwarzwald.de\/blog\/sport\/wandern\/\">Wanderung<\/a> mit Fanny Mayer(Heidi Knoblich), Osk\u00e4rli Mayer (Linus Hochstatter), Madame Brosi (Isolde Polzin),deren Tochter Anneresli (Alessa Kirner), Mr. Purdy (Egon Klauser) und dem Esel-Peter (Peter Bensberg von \u201eactive tours\u201c) mit dessen Tochter Klara (Klara Hochstatter)<!--more--><\/p>\n<p>Szenische Wanderung mit Eseln und Schwarzw\u00e4lder Picknick in Erinnerung an die \u201eFeldbergmutter\u201c Fanny Mayer, die Pionierin des Skisports und des Fremdenverkehrs<\/p>\n<p>\u00a0<a href=\"https:\/\/www.freiburg-schwarzwald.de\/blog\/fanny-feldberg-wanderung\/feldberg-fanny130516\/\" rel=\"attachment wp-att-30390\"><img loading=\"lazy\" decoding=\"async\" class=\"alignnone size-thumbnail wp-image-30390\" title=\"feldberg-fanny130516\" src=\"https:\/\/www.freiburg-schwarzwald.de\/blog\/wp-content\/uploads\/2013\/05\/feldberg-fanny130516-180x128.jpg\" alt=\"\" width=\"180\" height=\"128\" srcset=\"https:\/\/www.freiburg-schwarzwald.de\/blog\/wp-content\/uploads\/2013\/05\/feldberg-fanny130516-180x128.jpg 180w, https:\/\/www.freiburg-schwarzwald.de\/blog\/wp-content\/uploads\/2013\/05\/feldberg-fanny130516.jpg 640w\" sizes=\"auto, (max-width: 180px) 100vw, 180px\" \/><\/a><\/p>\n<p><em>(v. l.) Osk\u00e4rli (Linus Hochstatter), Esel-Peter (Peter Bensberg), Anneresli (Alessa Kirner), Klara (Klara Hochstatter) &#8211; rechts oben: Fanny Mayer (Heidi Knoblich)<\/em><em> <\/em><\/p>\n<p><em>Im elenden Winter 1881 wurde Fanny Mayer durch ein Telegramm des Bruders von Basel auf den Feldberg gerufen. Dort erwarteten sie ein mutterloses Kind, ein verlassenes Gasthaus und ein paar alte Pfannen. Trotz aller Widrigkeiten machte sie den Feldberger Hof schon bald zum Nabel der Welt und zum Mekka des Skisports.<br \/>\n<\/em>In Begleitung ihres Neffen Oskar, ihres Kurgastes James Purdy aus London, \u201eMadame Brosi aus Hintermenzschw\u00e4nz\u201c und deren Tochter Anneresli f\u00fchrt Fanny Mayer Sie nun gemeinsam mit dem Esel-Peter \u00fcber den Feldberg. Dabei erz\u00e4hlt sie Ihnen aus ihrem bewegten Leben als \u201eFeldbergmutter\u201c und wie bei ihr der Skisport f\u00fcr ganz Mitteleuropa begann. Auf dem Weg versucht Mr. Purdy, hinter Fannys Geheimnis um den seltsamen franz\u00f6sischen Koch und dessen Apfeltarte zu kommen.<\/p>\n<p>Mit Heidi Knoblich nach deren beliebtem Roman \u201eWinter\u00e4pfel\u201c, <a href=\"https:\/\/www.heidi-knoblich.de\">www.heidi-knoblich.de<\/a>\u00a0<br \/>\nVeranstalter: <a href=\"https:\/\/www.gemeinde-feldberg.de\/\" target=\"_blank\">Gemeinde Feldberg<\/a><br \/>\nSamstag, den 8. Juni 2013, Samstag, den 17. August 2013\u00a0 und Samstag, den 21. September 2013<br \/>\njeweils ab 14:30 Uhr. Eintrittspreise: Erwachsene: 35 Euro, Kinder ab 6 Jahren: 15 Euro Das ist im Preis enthalten:<br \/>\nEine kleine Erfrischung zur Begr\u00fc\u00dfung vor dem Familotel \u201eFeldberger Hof\u201c<br \/>\nSzenische Wanderung mit Fanny Mayer(Heidi Knoblich), Osk\u00e4rli Mayer (Linus Hochstatter), Madame Brosi (Isolde Polzin),deren Tochter Anneresli (Alessa Kirner), Mr. Purdy (Egon Klauser) und dem Esel-Peter (Peter Bensberg von \u201eactive tours\u201c) mit dessen Tochter Klara (Klara Hochstatter)<br \/>\nEin z\u00fcnftiges Schwarzw\u00e4lder Picknick<\/p>\n<p>Hochschwarzwald Tourismus GmbH, Tel.: 07652 1206-8300, <a href=\"mailto:feldberg@hochschwarzwald.de\" target=\"_self\">feldberg@hochschwarzwald.de<\/a><br \/>\nWettertelefon von 10 \u2013 12 Uhr am Veranstaltungstag: 07652\/ 1206 &#8211; 8300<\/p>\n<p>Die szenische Wanderung dauert insgesamt ca. 4,5 Stunden (mit Picknick). W\u00e4hrend der Veranstaltung wird eine Wegstrecke von insgesamt ca. 9 Kilometern zur\u00fcckgelegt. Kinder unter sechs Jahren k\u00f6nnen an dieser Wanderung nicht teilnehmen. Hunde sind nicht gestattet. Die Veranstaltung findet nur bei gutem Wetter statt. Bei schlechtem Wetter wird diese auf den Ersatztermin verschoben. Eine Anmeldung ist erforderlich. Die Teilnehmerzahl ist begrenzt.<br \/>\n18.5.2013<\/p>\n","protected":false},"excerpt":{"rendered":"<p>Nach dem gro\u00dfen Erfolg im Jahr 2012 wird die szenische Wanderung \u201eMit Fanny am Feldberg\u201c auch im Sommer 2013 angeboten: Wanderung mit Fanny Mayer(Heidi Knoblich), Osk\u00e4rli Mayer (Linus Hochstatter), Madame Brosi (Isolde Polzin),deren Tochter Anneresli (Alessa Kirner), Mr. Purdy (Egon &hellip; <a href=\"https:\/\/www.freiburg-schwarzwald.de\/blog\/fanny-feldberg-wanderung\/\">Weiterlesen <span class=\"meta-nav\">&rarr;<\/span><\/a><\/p>\n","protected":false},"author":4,"featured_media":0,"comment_status":"open","ping_status":"closed","sticky":false,"template":"","format":"standard","meta":{"footnotes":""},"categories":[180,122],"tags":[337,380],"class_list":["post-30389","post","type-post","status-publish","format-standard","hentry","category-hochschwarzwald","category-wandern","tag-historie","tag-wanderweg"],"_links":{"self":[{"href":"https:\/\/www.freiburg-schwarzwald.de\/blog\/wp-json\/wp\/v2\/posts\/30389","targetHints":{"allow":["GET"]}}],"collection":[{"href":"https:\/\/www.freiburg-schwarzwald.de\/blog\/wp-json\/wp\/v2\/posts"}],"about":[{"href":"https:\/\/www.freiburg-schwarzwald.de\/blog\/wp-json\/wp\/v2\/types\/post"}],"author":[{"embeddable":true,"href":"https:\/\/www.freiburg-schwarzwald.de\/blog\/wp-json\/wp\/v2\/users\/4"}],"replies":[{"embeddable":true,"href":"https:\/\/www.freiburg-schwarzwald.de\/blog\/wp-json\/wp\/v2\/comments?post=30389"}],"version-history":[{"count":0,"href":"https:\/\/www.freiburg-schwarzwald.de\/blog\/wp-json\/wp\/v2\/posts\/30389\/revisions"}],"wp:attachment":[{"href":"https:\/\/www.freiburg-schwarzwald.de\/blog\/wp-json\/wp\/v2\/media?parent=30389"}],"wp:term":[{"taxonomy":"category","embeddable":true,"href":"https:\/\/www.freiburg-schwarzwald.de\/blog\/wp-json\/wp\/v2\/categories?post=30389"},{"taxonomy":"post_tag","embeddable":true,"href":"https:\/\/www.freiburg-schwarzwald.de\/blog\/wp-json\/wp\/v2\/tags?post=30389"}],"curies":[{"name":"wp","href":"https:\/\/api.w.org\/{rel}","templated":true}]}}