{"id":30356,"date":"2013-05-17T19:35:43","date_gmt":"2013-05-17T17:35:43","guid":{"rendered":"https:\/\/www.freiburg-schwarzwald.de\/blog\/?p=30356"},"modified":"2013-05-17T19:35:43","modified_gmt":"2013-05-17T17:35:43","slug":"schule-online-sicher-im-netz","status":"publish","type":"post","link":"https:\/\/www.freiburg-schwarzwald.de\/blog\/schule-online-sicher-im-netz\/","title":{"rendered":"Schule online &#8211; Sicher im Netz"},"content":{"rendered":"<p>\u201eSchule <a title=\"Internet\" href=\"https:\/\/www.freiburg-schwarzwald.de\/blog\/kultur\/internet\/\">online<\/a> \u2013 Sicher im Netz\u201c ist ein langfristig angelegtes medienp\u00e4dagogisches Projekt, das Stefan Pohl, <a title=\"Lehrer\" href=\"https:\/\/www.freiburg-schwarzwald.de\/blog\/bildung\/lehrer\/\">Jugendreferent<\/a> Stegen und Natalia-Anna Rozpiorska, Jugendreferentin Kirchzarten gemeinsam entwickelt haben und damit an die <a title=\"Schulen\" href=\"https:\/\/www.freiburg-schwarzwald.de\/blog\/bildung\/schulen\/\">Schulen<\/a> im Dreisamtal gehen. Die Werkrealschule Dreisamtal ist neben der Realschule am Giersberg und des <a title=\"Hoergeschaedigt\" href=\"https:\/\/www.freiburg-schwarzwald.de\/blog\/selbsthilfe\/behinderung\/hoergeschaedigt\/\">Bildungs- und Beratungszentrums f\u00fcr H\u00f6rgesch\u00e4digte in Stegen <!--more--><\/a>die dritte Schule, an der das Projekt fest in den Lehrplan integriert ist und somit j\u00e4hrlich stattfinden kann. An der Werkrealschule unterst\u00fctzt sie dabei die Schulsozialarbeiterin Martina M\u00f6dl. \u201eUnsere Kinder bewegen sich im Internet und kennen sich oft besser damit aus als die Erwachsenen\u201c, erkl\u00e4rt M\u00f6dl den Projekthintergrund, \u201edas Internet birgt Chancen und Gefahren. Deshalb ist es dringend notwendig, die Kinder und Jugendlichen darin zu unterst\u00fctzen, dass sie lernen, bewusst und verantwortungsvoll mit dem Medium Internet umzugehen.\u201c Das prim\u00e4re Ziel des Konzepts sei eine bewusste und verantwortungsvolle Mediennutzung der Sch\u00fcler(innen) selbst und die F\u00f6rderung des Dialogs zwischen Jugendlichen, der Schule und der Erziehungsberechtigten. Der besondere Charakter des Projekts bestehe in der Verkn\u00fcpfung von partizipativen Elementen mit neuestem medienp\u00e4dagogischem Fachwissen.<br \/>\nDen Projektauftakt an der Werkrealschule machte ein Elterninformationsabend mit dem Titel: \u201ePrima vernetzt oder im Netz gefangen?\u201c mit Natalia-Anna Rozpiorska und Stefan Pohl. Sie informierten \u00fcber Nutzungsgewohnheiten von Medien bei Jugendlichen sowie \u00fcber Chancen und Gefahren im Internet. Besonders im Fokus stand das soziale Netzwerk \u201eFacebook\u201c. Aber auch \u00fcber Urheberrechte beim Musik- und Filmdownload sowie \u00fcber Chatr\u00e4ume, den Schutz eigener Daten und Cybermobbing wurde mit den Eltern gesprochen. Es folgten dann \u201eInteraktive Workshops\u201c f\u00fcr die beiden 8. Klassen der Werkrealschule sowie ein Lehrerinformationsnachmittag zum Thema \u201eWie kann der Umgang mit dem Internet im Unterricht aufgegriffen werden?\u201c Das Problem Cybermobbing war den Lehrenden dabei besonders wichtig. Es folgt nun innerhalb der n\u00e4chsten Wochen die Ausbildung interessierter Sch\u00fcler(innen) der 8. Klassen zu Sch\u00fclermentoren und dann deren Einsatz in den unteren Klassenstufen der Werkrealschule.\u00a0\u201eIn meiner Arbeit als Schulsozialarbeiterin werden immer wieder F\u00e4lle an mich herangetragen, bei denen es um Beleidigungen und Streitereien bis hin zu Mobbing im Internet geht\u201c, weist Martina M\u00f6dl auf die Bedeutung des Projektes hin, \u201ees war f\u00fcr mich nun wichtig, dass die Sch\u00fcler nicht nur erfahren, was kann ich tun, wenn ich bereits Probleme in dieser Hinsicht habe, sondern wie ist es m\u00f6glich, manche F\u00e4lle im Vorfeld zu verhindern, eben durch einen bewussten Umgang mit dem Internet und hier vor allem in sozialen Netzwerken.\u201c Und dass die Sch\u00fcler etwas gelernt haben, zeigen Aussagen wie diese: \u201eEs hat mir die Augen ge\u00f6ffnet, was alles passieren kann.\u201c \u201eIch habe gelernt, was passieren kann, wenn man in Facebook nicht richtig aufpasst, was illegal ist und was nicht.\u201c oder \u201eIch werde jetzt mehr aufpassen im Internet.\u201c<br \/>\n17.5.2013, Gerhard L\u00fcck, <a href=\"https:\/\/www.dreisamtaeler.de\">www.dreisamtaeler.de<\/a><\/p>\n","protected":false},"excerpt":{"rendered":"<p>\u201eSchule online \u2013 Sicher im Netz\u201c ist ein langfristig angelegtes medienp\u00e4dagogisches Projekt, das Stefan Pohl, Jugendreferent Stegen und Natalia-Anna Rozpiorska, Jugendreferentin Kirchzarten gemeinsam entwickelt haben und damit an die Schulen im Dreisamtal gehen. Die Werkrealschule Dreisamtal ist neben der Realschule &hellip; <a href=\"https:\/\/www.freiburg-schwarzwald.de\/blog\/schule-online-sicher-im-netz\/\">Weiterlesen <span class=\"meta-nav\">&rarr;<\/span><\/a><\/p>\n","protected":false},"author":4,"featured_media":0,"comment_status":"open","ping_status":"closed","sticky":false,"template":"","format":"standard","meta":{"footnotes":""},"categories":[18,162,95],"tags":[411,332,494,495],"class_list":["post-30356","post","type-post","status-publish","format-standard","hentry","category-bildung","category-internet","category-schulen","tag-kurs","tag-mobbing","tag-online","tag-schueler"],"_links":{"self":[{"href":"https:\/\/www.freiburg-schwarzwald.de\/blog\/wp-json\/wp\/v2\/posts\/30356","targetHints":{"allow":["GET"]}}],"collection":[{"href":"https:\/\/www.freiburg-schwarzwald.de\/blog\/wp-json\/wp\/v2\/posts"}],"about":[{"href":"https:\/\/www.freiburg-schwarzwald.de\/blog\/wp-json\/wp\/v2\/types\/post"}],"author":[{"embeddable":true,"href":"https:\/\/www.freiburg-schwarzwald.de\/blog\/wp-json\/wp\/v2\/users\/4"}],"replies":[{"embeddable":true,"href":"https:\/\/www.freiburg-schwarzwald.de\/blog\/wp-json\/wp\/v2\/comments?post=30356"}],"version-history":[{"count":0,"href":"https:\/\/www.freiburg-schwarzwald.de\/blog\/wp-json\/wp\/v2\/posts\/30356\/revisions"}],"wp:attachment":[{"href":"https:\/\/www.freiburg-schwarzwald.de\/blog\/wp-json\/wp\/v2\/media?parent=30356"}],"wp:term":[{"taxonomy":"category","embeddable":true,"href":"https:\/\/www.freiburg-schwarzwald.de\/blog\/wp-json\/wp\/v2\/categories?post=30356"},{"taxonomy":"post_tag","embeddable":true,"href":"https:\/\/www.freiburg-schwarzwald.de\/blog\/wp-json\/wp\/v2\/tags?post=30356"}],"curies":[{"name":"wp","href":"https:\/\/api.w.org\/{rel}","templated":true}]}}