{"id":30348,"date":"2013-05-17T19:26:29","date_gmt":"2013-05-17T17:26:29","guid":{"rendered":"https:\/\/www.freiburg-schwarzwald.de\/blog\/?p=30348"},"modified":"2013-05-17T19:28:40","modified_gmt":"2013-05-17T17:28:40","slug":"diese-wunderbare-band-kiza","status":"publish","type":"post","link":"https:\/\/www.freiburg-schwarzwald.de\/blog\/diese-wunderbare-band-kiza\/","title":{"rendered":"Diese wunderbare Band Kiza"},"content":{"rendered":"<p>\u201edreisam Klein Kunst B\u00fchne Burg\u201c holt die Freiburger Kultband erneut in die Talvogtei.\u00a0Am 8.6.2013 gibt es um 19 Uhr im Innenhof der <a title=\"Kirchzarten\" href=\"https:\/\/www.freiburg-schwarzwald.de\/blog\/regio\/orte\/kirchzarten\/\">Talvogtei<\/a> in Kirchzarten nach dem gro\u00dfen Erfolg vor einem Jahr ein Wiedersehen und -h\u00f6ren mit <a title=\"Musikgruppen\" href=\"https:\/\/www.freiburg-schwarzwald.de\/blog\/kultur\/musik\/musikgruppen\/\">Freiburgs Kultband<\/a>. \u201eDiese wunderbare Band\u201c f\u00fcllt einen Abend randvoll mit alten Bekannten. Elvira, die \u201eFrau aus der Wiehre\u201c, so etwas wie die Schutzheilige der Band und der \u201eDalai Lama\u201c <!--more-->standen eben noch zusammen im \u201eGotthard-Stau\u201c und werden nun von \u201eDieser wunderbaren Band\u201c auf die B\u00fchne der Talvogtei geholt. Und \u00fcberhaupt w\u00e4chst bei der Band zusammen, was zusammen geh\u00f6rt: Der \u201eOchsen\u201c, Freiburgs gastronomisches Schnitzel-Mekka f\u00fcr alle Unterzuckerten und Eiwei\u00dffreaks l\u00e4dt Hand-in-Hand mit der recyclebaren \u201eTofuwurst\u201c zum Mitsingen ein und bei \u201eSex in Green City\u201c lassen das alte \u201eLittenweiler\u201c und das junge \u201eVauban\u201c die H\u00fcllen fallen. Auf die G\u00e4ste des Abends wartet ein wunderbarer Streifzug mit einer wunderbaren Band durchs Eingemachte der Breisgau-Metropole, die au\u00dfer \u201eJogi L\u00f6w\u201c keinen Promi vorzuweisen hat, daf\u00fcr aber einen \u201eMarathonmann\u201c, der \u201ezu jung f\u00fcr diese Stadt\u201c ist. Und weil das ZMF da noch l\u00e4ngst nicht angefangen hat, spricht nichts gegen einen wunderbaren lauen Fr\u00fchsommerabend mit launischen Liedern \u00fcber Freiburg.<\/p>\n<p>\u00a0<a href=\"https:\/\/www.freiburg-schwarzwald.de\/blog\/diese-wunderbare-band-kiza\/diesewunderbareband130516\/\" rel=\"attachment wp-att-30349\"><img loading=\"lazy\" decoding=\"async\" class=\"alignnone size-thumbnail wp-image-30349\" title=\"diesewunderbareband130516\" src=\"https:\/\/www.freiburg-schwarzwald.de\/blog\/wp-content\/uploads\/2013\/05\/diesewunderbareband130516-180x108.jpg\" alt=\"\" width=\"180\" height=\"108\" srcset=\"https:\/\/www.freiburg-schwarzwald.de\/blog\/wp-content\/uploads\/2013\/05\/diesewunderbareband130516-180x108.jpg 180w, https:\/\/www.freiburg-schwarzwald.de\/blog\/wp-content\/uploads\/2013\/05\/diesewunderbareband130516.jpg 640w\" sizes=\"auto, (max-width: 180px) 100vw, 180px\" \/><\/a><\/p>\n<p>Bereits vor einem Jahr trat \u201eDiese wunderbare Band\u201c mit gro\u00dfem Erfolg in der Talvogtei auf.\u00a0Foto: Gerhard L\u00fcck<\/p>\n<p>Der Kartenvorverkauf startet am 27. Mai 2013 (16 Euro, Sch\u00fcler und Studenten 12 Euro) in der Sparkasse in Kirchzarten und Kirchzarten-Burg sowie der Tourist-Info-Dreisamtal in Kirchzarten. Oder ab sofort Reservierungen f\u00fcr die Abendkasse unter <a href=\"mailto:dreisam@petra-zentgraf.de\">dreisam@petra-zentgraf.de<\/a> . \u201eWir haben freie Platzwahl und unglaublich viele St\u00fchle. Wenn die allerdings besetzt sind, gilt die Eintrittskarte f\u00fcr einen Stehplatz, vielleicht am Bistrotisch, oder einen Platz in den Nischen oder Vorspr\u00fcngen des alten Gem\u00e4uers des Talvogteihofes\u201c, verspricht die Leiterin von \u201edreisam \u2013 Klein Kunst B\u00fchne Burg\u201c, Petra Zentgraf. \u201eFreuen Sie sich auf Jack, Dennis, Georg, Mike und Hans. Genie\u00dfen Sie Kult pur.\u201c Die Bewirtung \u00fcbernehmen an diesem Abend die Landfrauen. Einlass ist ab 18 Uhr.<br \/>\n17.5.2013, Gerhard L\u00fcck, <a href=\"https:\/\/www.dreisamtaeler.de\">www.dreisamtaeler.de<\/a><\/p>\n","protected":false},"excerpt":{"rendered":"<p>\u201edreisam Klein Kunst B\u00fchne Burg\u201c holt die Freiburger Kultband erneut in die Talvogtei.\u00a0Am 8.6.2013 gibt es um 19 Uhr im Innenhof der Talvogtei in Kirchzarten nach dem gro\u00dfen Erfolg vor einem Jahr ein Wiedersehen und -h\u00f6ren mit Freiburgs Kultband. \u201eDiese &hellip; <a href=\"https:\/\/www.freiburg-schwarzwald.de\/blog\/diese-wunderbare-band-kiza\/\">Weiterlesen <span class=\"meta-nav\">&rarr;<\/span><\/a><\/p>\n","protected":false},"author":4,"featured_media":0,"comment_status":"open","ping_status":"closed","sticky":false,"template":"","format":"standard","meta":{"footnotes":""},"categories":[120,125],"tags":[519,398,443],"class_list":["post-30348","post","type-post","status-publish","format-standard","hentry","category-musik","category-musikvereine","tag-band","tag-konzert","tag-termin"],"_links":{"self":[{"href":"https:\/\/www.freiburg-schwarzwald.de\/blog\/wp-json\/wp\/v2\/posts\/30348","targetHints":{"allow":["GET"]}}],"collection":[{"href":"https:\/\/www.freiburg-schwarzwald.de\/blog\/wp-json\/wp\/v2\/posts"}],"about":[{"href":"https:\/\/www.freiburg-schwarzwald.de\/blog\/wp-json\/wp\/v2\/types\/post"}],"author":[{"embeddable":true,"href":"https:\/\/www.freiburg-schwarzwald.de\/blog\/wp-json\/wp\/v2\/users\/4"}],"replies":[{"embeddable":true,"href":"https:\/\/www.freiburg-schwarzwald.de\/blog\/wp-json\/wp\/v2\/comments?post=30348"}],"version-history":[{"count":0,"href":"https:\/\/www.freiburg-schwarzwald.de\/blog\/wp-json\/wp\/v2\/posts\/30348\/revisions"}],"wp:attachment":[{"href":"https:\/\/www.freiburg-schwarzwald.de\/blog\/wp-json\/wp\/v2\/media?parent=30348"}],"wp:term":[{"taxonomy":"category","embeddable":true,"href":"https:\/\/www.freiburg-schwarzwald.de\/blog\/wp-json\/wp\/v2\/categories?post=30348"},{"taxonomy":"post_tag","embeddable":true,"href":"https:\/\/www.freiburg-schwarzwald.de\/blog\/wp-json\/wp\/v2\/tags?post=30348"}],"curies":[{"name":"wp","href":"https:\/\/api.w.org\/{rel}","templated":true}]}}