{"id":30202,"date":"2013-05-16T17:21:25","date_gmt":"2013-05-16T15:21:25","guid":{"rendered":"https:\/\/www.freiburg-schwarzwald.de\/blog\/?p=30202"},"modified":"2013-05-16T17:26:25","modified_gmt":"2013-05-16T15:26:25","slug":"regionalentwicklungsgen-rege","status":"publish","type":"post","link":"https:\/\/www.freiburg-schwarzwald.de\/blog\/regionalentwicklungsgen-rege\/","title":{"rendered":"RegionalEntwicklungsGEn REGE"},"content":{"rendered":"<p>F\u00fcr <a title=\"Genossenschaften\" href=\"https:\/\/www.freiburg-schwarzwald.de\/blog\/business\/genossenschaften\/\">Energiegenossenschaften<\/a> ist es schwierig, bei Windenergieprojekten als kompetenter Partner anerkannt zu werden. Der Ausbau der <a title=\"Wind\" href=\"https:\/\/www.freiburg-schwarzwald.de\/blog\/energie\/wind\/\">Windenergie<\/a> in Baden-W\u00fcrttemberg findet bisher \u00fcberwiegend ohne sie statt. Mit der Gr\u00fcndung der REGE BW (RegionalEntwicklungsGEnossenschaft Baden-W\u00fcrttemberg) soll sich dies \u00e4ndern. Ihre Aufgabe in Kooperation mit den jeweiligen Energiegenossenschaften vor Ort:\u00a0<!--more--><br \/>\nZ\u00fcgige Sicherung von Fl\u00e4chen f\u00fcr B\u00fcrgerbeteiligung<br \/>\nSicherstellung der B\u00fcrgerbeteiligung in der Entwicklungs- und in der Betreiberphase<br \/>\nFinanzierung der Risikophase bis zur vorl\u00e4ufigen Genehmigung\u00a0<br \/>\nOptimierung kommunaler Wertsch\u00f6pfung<br \/>\nKnow-how-Bindung f\u00fcr kontinuierliche Projektentwicklung<br \/>\nErstes Projekt soll ein B\u00fcrgerwindenergiepark Baden-W\u00fcrttemberg als modellhaftes Kooperationsprojekt m\u00f6glichst vieler Energiegenossenschaften werden. Weitere Projekte in unterschiedlichen Bereichen der Erneuerbaren Energieerzeugung sollen folgen.\u00a0<br \/>\nGr\u00fcndungsversammlung:\u00a0Do 06.06.2013, 16 Uhr,\u00a0Filiale der GLS Bank eG, Merzhauser Stra\u00dfe 177, Freiburg<br \/>\nJe mehr Energiegenossenschaften von Beginn an sich an der Gr\u00fcndung beteiligen, desto h\u00f6her wird die Chance, gemeinsam ein erstes Modellprojekt B\u00fcrgerenergiewindpark Baden-W\u00fcrttemberg umzusetzen. Deswegen freuen wir uns auf rege Beteiligung.\u00a0 Die erforderlichen Unterlagen\u00a0auf Anfrage\u00a0<br \/>\nDr. Burghard Flieger, Vorstand Solar-B\u00fcrger-Genossenschaft eG Freiburg<br \/>\nErwinstrasse 29, 79102 Freiburg, Tel 0761\/709023<br \/>\n<a href=\"mailto:genossenschaft@t-online.de\">genossenschaft@t-online.de<\/a><br \/>\n<a href=\"https:\/\/www.innova-eg.de\/\">www.innova-eg.de<\/a>, <a href=\"https:\/\/www.energiegenossenschaften-gruenden.de\/\">www.energiegenossenschaften-gruenden.de<\/a><br \/>\n<a href=\"https:\/\/www.solarbuergergenossenschaft.de\/\">www.solarbuergergenossenschaft.de<\/a><\/p>\n<p>&nbsp;<\/p>\n","protected":false},"excerpt":{"rendered":"<p>F\u00fcr Energiegenossenschaften ist es schwierig, bei Windenergieprojekten als kompetenter Partner anerkannt zu werden. Der Ausbau der Windenergie in Baden-W\u00fcrttemberg findet bisher \u00fcberwiegend ohne sie statt. Mit der Gr\u00fcndung der REGE BW (RegionalEntwicklungsGEnossenschaft Baden-W\u00fcrttemberg) soll sich dies \u00e4ndern. Ihre Aufgabe in &hellip; <a href=\"https:\/\/www.freiburg-schwarzwald.de\/blog\/regionalentwicklungsgen-rege\/\">Weiterlesen <span class=\"meta-nav\">&rarr;<\/span><\/a><\/p>\n","protected":false},"author":4,"featured_media":0,"comment_status":"open","ping_status":"closed","sticky":false,"template":"","format":"standard","meta":{"footnotes":""},"categories":[181,5,354,171,395],"tags":[151,353],"class_list":["post-30202","post","type-post","status-publish","format-standard","hentry","category-buergerbeteiligung","category-energie","category-genossenschaften","category-verbraucher","category-wind","tag-erneuerbare-energien","tag-genosse"],"_links":{"self":[{"href":"https:\/\/www.freiburg-schwarzwald.de\/blog\/wp-json\/wp\/v2\/posts\/30202","targetHints":{"allow":["GET"]}}],"collection":[{"href":"https:\/\/www.freiburg-schwarzwald.de\/blog\/wp-json\/wp\/v2\/posts"}],"about":[{"href":"https:\/\/www.freiburg-schwarzwald.de\/blog\/wp-json\/wp\/v2\/types\/post"}],"author":[{"embeddable":true,"href":"https:\/\/www.freiburg-schwarzwald.de\/blog\/wp-json\/wp\/v2\/users\/4"}],"replies":[{"embeddable":true,"href":"https:\/\/www.freiburg-schwarzwald.de\/blog\/wp-json\/wp\/v2\/comments?post=30202"}],"version-history":[{"count":0,"href":"https:\/\/www.freiburg-schwarzwald.de\/blog\/wp-json\/wp\/v2\/posts\/30202\/revisions"}],"wp:attachment":[{"href":"https:\/\/www.freiburg-schwarzwald.de\/blog\/wp-json\/wp\/v2\/media?parent=30202"}],"wp:term":[{"taxonomy":"category","embeddable":true,"href":"https:\/\/www.freiburg-schwarzwald.de\/blog\/wp-json\/wp\/v2\/categories?post=30202"},{"taxonomy":"post_tag","embeddable":true,"href":"https:\/\/www.freiburg-schwarzwald.de\/blog\/wp-json\/wp\/v2\/tags?post=30202"}],"curies":[{"name":"wp","href":"https:\/\/api.w.org\/{rel}","templated":true}]}}