{"id":30196,"date":"2013-05-16T16:17:33","date_gmt":"2013-05-16T14:17:33","guid":{"rendered":"https:\/\/www.freiburg-schwarzwald.de\/blog\/?p=30196"},"modified":"2013-05-16T16:18:48","modified_gmt":"2013-05-16T14:18:48","slug":"sc-gegen-den-fc-schalke-04","status":"publish","type":"post","link":"https:\/\/www.freiburg-schwarzwald.de\/blog\/sc-gegen-den-fc-schalke-04\/","title":{"rendered":"SC gegen den FC Schalke 04"},"content":{"rendered":"<p>Auf der heutigen Pressekonferenz vor dem letzten Spiel der Saison freute sich <a title=\"SCfreiburg\" href=\"https:\/\/www.freiburg-schwarzwald.de\/blog\/sport\/sportvereine\/scfreiburg\/\">SC<\/a> Trainer Christian Streich \u201ees gibt kein schlechtes Ende dieses Jahr mehr!\u201c Die Mannschaft gehe das Spiel an wie alle anderen, es herrsche Ruhe, es wurde etwas weniger trainiert und mehr abgeschottet. Streich geht davon aus, <!--more-->dass es ein sch\u00f6nes Kampfspiel geben werde, die Schalker werden mit Agressivit\u00e4t, Top-Besetzung und ihrer Individualit\u00e4t angreifen, aber sie werden es nicht einfach haben, so Streich. Zumal Schalke sicher mehr unter Druck steht, als der SC Freiburg. \u201eWir geben alles, dass wir ein gutes Spiel machen, die Mannschaft wird das letzte \u201aKorn\u2019 aus sich rausholen\u201c, verspricht Christian Streich. Streich selbst geht zum Saisonende von einem 6. Platz aus, alles andere sei \u201aZugabe\u2019. Verletzt fehlen Pavel Krmas (Sprunggelenk) und Marco Terrazzino (Patellasehne). Fraglich ist noch der Einsatz von Verteidiger Mensur Mujdza wegen einer Zehenverletzung. Daniel Caliguri ist (Ungerechtigkeit, laut Streich) gelb gesperrt und kann bei seinem \u201aAbschiedsspiel\u2019 nicht mitwirken.<br \/>\nAls prominente G\u00e4ste werden am Samstag Bundesfinanzminister Dr. Wolfgang Sch\u00e4uble, Erzbischof Robert Zollitsch, Regierungspr\u00e4sidentin B\u00e4rbel Sch\u00e4fer sowie Franz Beckenbauer erwartet. Das Spiel ist mit 24.000 Zuschauern seit langem ausverkauft, wie \u00fcberhaupt der Auslastungsgrad in dieser Saison nochmals auf 96 % gesteigert werden konnte. Somit haben durchschnittlich 23.200 Zuschauer die Heimspiele im Stadion mitverfolgt. Nach dem Spiel wird sich die Mannschaft bei den Fans bedanken. Ab 18 Uhr spielt die Freiburger Band FATCAT auf einer Trib\u00fcne, die hinter der Nordtrib\u00fcne aufgebaut wird. Dort werden sich dann auch ab 18.45 Uhr die Spieler verabschieden (Daniel Caligiuri, Max Kruse, Johannes Flum, Jan Rosenthal, Erik Jendrisek und Ezequiel Calvente), die den Verein verlassen werden. Auch die neuen Trikots werden dort vorgestellt werden. Zum Fest mit Freibier und nichtalkoholischen Getr\u00e4nken haben nach dem Spiel auch Fans ohne Ticket Zutritt!<br \/>\nNach dem Spiel erhalten die Spieler 14 Tage Urlaub, bevor sie wieder mit einem Heimprogramm zu trainieren beginnen. Eine gute Entwicklung sieht Streich bei den Spielern in der 2. Mannschaft (Durchschnittsalter: 20 Jahre). 4 bis 5 Spieler h\u00e4tten das Zeug dazu, in die Trainingsgruppe der 1. Mannschaft zu kommen, 2 bis 3 werden im Sommer auf jeden Fall dazu sto\u00dfen. Ger\u00fcchte gibt es um Max Kruse, nachdem im Sportmagazin Kicker behauptet wurde, er w\u00fcrde von Jogi L\u00f6w als Nationalspieler berufen und k\u00f6nne die USA-Reise mitmachen. \u201e Es w\u00fcrde mich nicht \u00fcberraschen und ich w\u00fcrde mich sehr dar\u00fcber freuen\u201c, kommentiert Streich diese Behauptung, ohne sie jedoch best\u00e4tigen zu k\u00f6nnen.<br \/>\n16.5.2013, Hans Homlicher<\/p>\n","protected":false},"excerpt":{"rendered":"<p>Auf der heutigen Pressekonferenz vor dem letzten Spiel der Saison freute sich SC Trainer Christian Streich \u201ees gibt kein schlechtes Ende dieses Jahr mehr!\u201c Die Mannschaft gehe das Spiel an wie alle anderen, es herrsche Ruhe, es wurde etwas weniger &hellip; <a href=\"https:\/\/www.freiburg-schwarzwald.de\/blog\/sc-gegen-den-fc-schalke-04\/\">Weiterlesen <span class=\"meta-nav\">&rarr;<\/span><\/a><\/p>\n","protected":false},"author":4,"featured_media":0,"comment_status":"open","ping_status":"closed","sticky":false,"template":"","format":"standard","meta":{"footnotes":""},"categories":[204],"tags":[366,187],"class_list":["post-30196","post","type-post","status-publish","format-standard","hentry","category-scfreiburg","tag-fussball","tag-sc"],"_links":{"self":[{"href":"https:\/\/www.freiburg-schwarzwald.de\/blog\/wp-json\/wp\/v2\/posts\/30196","targetHints":{"allow":["GET"]}}],"collection":[{"href":"https:\/\/www.freiburg-schwarzwald.de\/blog\/wp-json\/wp\/v2\/posts"}],"about":[{"href":"https:\/\/www.freiburg-schwarzwald.de\/blog\/wp-json\/wp\/v2\/types\/post"}],"author":[{"embeddable":true,"href":"https:\/\/www.freiburg-schwarzwald.de\/blog\/wp-json\/wp\/v2\/users\/4"}],"replies":[{"embeddable":true,"href":"https:\/\/www.freiburg-schwarzwald.de\/blog\/wp-json\/wp\/v2\/comments?post=30196"}],"version-history":[{"count":0,"href":"https:\/\/www.freiburg-schwarzwald.de\/blog\/wp-json\/wp\/v2\/posts\/30196\/revisions"}],"wp:attachment":[{"href":"https:\/\/www.freiburg-schwarzwald.de\/blog\/wp-json\/wp\/v2\/media?parent=30196"}],"wp:term":[{"taxonomy":"category","embeddable":true,"href":"https:\/\/www.freiburg-schwarzwald.de\/blog\/wp-json\/wp\/v2\/categories?post=30196"},{"taxonomy":"post_tag","embeddable":true,"href":"https:\/\/www.freiburg-schwarzwald.de\/blog\/wp-json\/wp\/v2\/tags?post=30196"}],"curies":[{"name":"wp","href":"https:\/\/api.w.org\/{rel}","templated":true}]}}