{"id":30157,"date":"2013-05-16T09:23:38","date_gmt":"2013-05-16T07:23:38","guid":{"rendered":"https:\/\/www.freiburg-schwarzwald.de\/blog\/?p=30157"},"modified":"2013-05-16T13:24:36","modified_gmt":"2013-05-16T11:24:36","slug":"bildung-sprache-biss-g8-g9","status":"publish","type":"post","link":"https:\/\/www.freiburg-schwarzwald.de\/blog\/bildung-sprache-biss-g8-g9\/","title":{"rendered":"Bildung &#8211; Sprache BiSS G8-G9"},"content":{"rendered":"<p>Bund-L\u00e4nder-Initiative &#8222;Bildung durch Sprache und Schrift&#8220; (BiSS). Verk\u00fcrztes <a title=\"Gymnasium\" href=\"https:\/\/www.freiburg-schwarzwald.de\/blog\/bildung\/schulen\/gymnasium\/\">Abitur G8 oder G9<\/a>? Kitas und Schulen k\u00f6nnen sich zur Teilnahme am bundesweiten Sprachf\u00f6rderprogramm BiSS bewerben. Das Bildungsservers-Dossier bietet ausf\u00fchrlich Informationen. Ziel des 5-j\u00e4hrigen Forschungs- und Entwicklungsprogramms ist es, Kinder in ihrer sprachlichen Entwicklung vom <a title=\"Kindergarten\" href=\"https:\/\/www.freiburg-schwarzwald.de\/blog\/bildung\/kindergarten\/\">Kindergarten<\/a> <!--more-->bis zum Schulabschluss optimal zu f\u00f6rdern. Verb\u00fcnde aus Kindertageseinrichtungen und Schulen sollen eng zusammenarbeiten, um ihre Erfahrungen auszutauschen und abgestimmte Ma\u00dfnahmen der Sprachbildung umzusetzen.<br \/>\n<a href=\"https:\/\/www.bildungsserver.de\/Bund-Laender-Initiative-Bildung-durch-Sprache-und-Schrift-BiSS--10752.html?utm_campaign=dbsnewsletter&amp;utm_source=mail&amp;utm_medium=2013-09&amp;utm_term=2013-09\">https:\/\/www.bildungsserver.de\/Bund-Laender-Initiative-Bildung-durch-Sprache-und-Schrift-BiSS&#8211;10752.html?utm_campaign=dbsnewsletter&amp;utm_source=mail&amp;utm_medium=2013-09&amp;utm_term=2013-09<\/a><\/p>\n<p>G8 oder G9? Das Thema verk\u00fcrztes Abitur bleibt umstritten und wird weiterhin heftig diskutiert. Das Dossier des Deutschen Bildungsservers bietet \u00dcberblicksdarstellungen und Informationen aus den einzelnen L\u00e4ndern zum Turbo-Abitur und den Folgen. Dazu geh\u00f6ren auch Internetquellen, die einen \u00dcberblick geben \u00fcber den Stand der Umsetzung von G8 bzw. der Beibehaltung von G9 in den einzelnen Bundesl\u00e4ndern.<br \/>\n<a href=\"https:\/\/www.bildungsserver.de\/Verkuerztes-Abitur-G8-oder-G9--10717.html?utm_campaign=dbsnewsletter&amp;utm_source=mail&amp;utm_medium=2013-09&amp;utm_term=2013-09\">https:\/\/www.bildungsserver.de\/Verkuerztes-Abitur-G8-oder-G9&#8211;10717.html?utm_campaign=dbsnewsletter&amp;utm_source=mail&amp;utm_medium=2013-09&amp;utm_term=2013-09<\/a><\/p>\n","protected":false},"excerpt":{"rendered":"<p>Bund-L\u00e4nder-Initiative &#8222;Bildung durch Sprache und Schrift&#8220; (BiSS). Verk\u00fcrztes Abitur G8 oder G9? Kitas und Schulen k\u00f6nnen sich zur Teilnahme am bundesweiten Sprachf\u00f6rderprogramm BiSS bewerben. Das Bildungsservers-Dossier bietet ausf\u00fchrlich Informationen. Ziel des 5-j\u00e4hrigen Forschungs- und Entwicklungsprogramms ist es, Kinder in ihrer &hellip; <a href=\"https:\/\/www.freiburg-schwarzwald.de\/blog\/bildung-sprache-biss-g8-g9\/\">Weiterlesen <span class=\"meta-nav\">&rarr;<\/span><\/a><\/p>\n","protected":false},"author":4,"featured_media":0,"comment_status":"open","ping_status":"closed","sticky":false,"template":"","format":"standard","meta":{"footnotes":""},"categories":[60,61,93,95],"tags":[26,721,28,29],"class_list":["post-30157","post","type-post","status-publish","format-standard","hentry","category-jugend","category-kinder","category-kindergarten","category-schulen","tag-deutsch","tag-kindergarten","tag-sprache","tag-student"],"_links":{"self":[{"href":"https:\/\/www.freiburg-schwarzwald.de\/blog\/wp-json\/wp\/v2\/posts\/30157","targetHints":{"allow":["GET"]}}],"collection":[{"href":"https:\/\/www.freiburg-schwarzwald.de\/blog\/wp-json\/wp\/v2\/posts"}],"about":[{"href":"https:\/\/www.freiburg-schwarzwald.de\/blog\/wp-json\/wp\/v2\/types\/post"}],"author":[{"embeddable":true,"href":"https:\/\/www.freiburg-schwarzwald.de\/blog\/wp-json\/wp\/v2\/users\/4"}],"replies":[{"embeddable":true,"href":"https:\/\/www.freiburg-schwarzwald.de\/blog\/wp-json\/wp\/v2\/comments?post=30157"}],"version-history":[{"count":0,"href":"https:\/\/www.freiburg-schwarzwald.de\/blog\/wp-json\/wp\/v2\/posts\/30157\/revisions"}],"wp:attachment":[{"href":"https:\/\/www.freiburg-schwarzwald.de\/blog\/wp-json\/wp\/v2\/media?parent=30157"}],"wp:term":[{"taxonomy":"category","embeddable":true,"href":"https:\/\/www.freiburg-schwarzwald.de\/blog\/wp-json\/wp\/v2\/categories?post=30157"},{"taxonomy":"post_tag","embeddable":true,"href":"https:\/\/www.freiburg-schwarzwald.de\/blog\/wp-json\/wp\/v2\/tags?post=30157"}],"curies":[{"name":"wp","href":"https:\/\/api.w.org\/{rel}","templated":true}]}}