{"id":29260,"date":"2013-05-09T21:35:38","date_gmt":"2013-05-09T19:35:38","guid":{"rendered":"https:\/\/www.freiburg-schwarzwald.de\/blog\/?p=29260"},"modified":"2013-05-09T21:36:16","modified_gmt":"2013-05-09T19:36:16","slug":"himmelfahrt-prozession-zarten","status":"publish","type":"post","link":"https:\/\/www.freiburg-schwarzwald.de\/blog\/himmelfahrt-prozession-zarten\/","title":{"rendered":"Himmelfahrt-Prozession Zarten"},"content":{"rendered":"<p>Nach dem Gottesdienst zu Christi Himmelfahrt in der uralten\u00a0<a title=\"Johanneskapelle\" href=\"https:\/\/www.freiburg-schwarzwald.de\/blog\/religion\/kirchen\/kapellen\/johanneskapelle\/\">Johanneskapelle<\/a> in Zarten\u00a0im Dreisamtal begann die die <a title=\"Zarten\" href=\"https:\/\/www.freiburg-schwarzwald.de\/blog\/regio\/orte\/kirchzarten\/zarten\/\">Flurprozession<\/a> mit Pater Roman: \u00dcber die drei Stationen am Urbershof, Brissenhof und Rotenhof f\u00fchrte der Weg bis zur <a title=\"Alte-Saege\" href=\"https:\/\/www.freiburg-schwarzwald.de\/blog\/regio\/orte\/kirchzarten\/zarten\/alte-saege\/\">Alten S\u00e4ge<\/a>, wo sich die Teilnehmer zu einem gem\u00fctlichen <a title=\"Hock\" href=\"https:\/\/www.freiburg-schwarzwald.de\/blog\/kultur\/oeffentlicher-raum\/hock\/\">Hock<\/a> trafen. Nach Kaffee und Kuchen informierte die Zartener Abiturientin Marina Fehrenbach \u00fcber ihren nach dem Abi anstehenden <a title=\"Alte-Saege\" href=\"https:\/\/www.freiburg-schwarzwald.de\/blog\/regio\/orte\/kirchzarten\/zarten\/alte-saege\/\">Freiwilligendienst in Tansania<\/a>.<\/p>\n","protected":false},"excerpt":{"rendered":"<p>Nach dem Gottesdienst zu Christi Himmelfahrt in der uralten\u00a0Johanneskapelle in Zarten\u00a0im Dreisamtal begann die die Flurprozession mit Pater Roman: \u00dcber die drei Stationen am Urbershof, Brissenhof und Rotenhof f\u00fchrte der Weg bis zur Alten S\u00e4ge, wo sich die Teilnehmer zu &hellip; <a href=\"https:\/\/www.freiburg-schwarzwald.de\/blog\/himmelfahrt-prozession-zarten\/\">Weiterlesen <span class=\"meta-nav\">&rarr;<\/span><\/a><\/p>\n","protected":false},"author":4,"featured_media":0,"comment_status":"open","ping_status":"closed","sticky":false,"template":"","format":"standard","meta":{"footnotes":""},"categories":[54,52,284,213],"tags":[511,717],"class_list":["post-29260","post","type-post","status-publish","format-standard","hentry","category-ehrenamt","category-einewelt","category-kapellen","category-kreuze","tag-brauchtum","tag-ehrenamt"],"_links":{"self":[{"href":"https:\/\/www.freiburg-schwarzwald.de\/blog\/wp-json\/wp\/v2\/posts\/29260","targetHints":{"allow":["GET"]}}],"collection":[{"href":"https:\/\/www.freiburg-schwarzwald.de\/blog\/wp-json\/wp\/v2\/posts"}],"about":[{"href":"https:\/\/www.freiburg-schwarzwald.de\/blog\/wp-json\/wp\/v2\/types\/post"}],"author":[{"embeddable":true,"href":"https:\/\/www.freiburg-schwarzwald.de\/blog\/wp-json\/wp\/v2\/users\/4"}],"replies":[{"embeddable":true,"href":"https:\/\/www.freiburg-schwarzwald.de\/blog\/wp-json\/wp\/v2\/comments?post=29260"}],"version-history":[{"count":0,"href":"https:\/\/www.freiburg-schwarzwald.de\/blog\/wp-json\/wp\/v2\/posts\/29260\/revisions"}],"wp:attachment":[{"href":"https:\/\/www.freiburg-schwarzwald.de\/blog\/wp-json\/wp\/v2\/media?parent=29260"}],"wp:term":[{"taxonomy":"category","embeddable":true,"href":"https:\/\/www.freiburg-schwarzwald.de\/blog\/wp-json\/wp\/v2\/categories?post=29260"},{"taxonomy":"post_tag","embeddable":true,"href":"https:\/\/www.freiburg-schwarzwald.de\/blog\/wp-json\/wp\/v2\/tags?post=29260"}],"curies":[{"name":"wp","href":"https:\/\/api.w.org\/{rel}","templated":true}]}}