{"id":29115,"date":"2013-05-09T08:35:16","date_gmt":"2013-05-09T06:35:16","guid":{"rendered":"https:\/\/www.freiburg-schwarzwald.de\/blog\/?p=29115"},"modified":"2013-05-09T08:54:04","modified_gmt":"2013-05-09T06:54:04","slug":"juchtenkaefer-und-auerhuhn","status":"publish","type":"post","link":"https:\/\/www.freiburg-schwarzwald.de\/blog\/juchtenkaefer-und-auerhuhn\/","title":{"rendered":"Juchtenkaefer und Auerhuhn"},"content":{"rendered":"<p>Was waren das noch Zeiten, als die Gr\u00fcnen\u00a0mit dem <a title=\"Vogel\" href=\"https:\/\/www.freiburg-schwarzwald.de\/blog\/natur\/tiere\/vogel\/\">Auerwild<\/a> und im Schulterschluss mit allen <a title=\"Naturschutz\" href=\"https:\/\/www.freiburg-schwarzwald.de\/blog\/natur\/naturschutz\/\">Naturschutz<\/a>&#8211; und <a title=\"Umwelt\" href=\"https:\/\/www.freiburg-schwarzwald.de\/blog\/natur\/umwelt\/\">Umweltverb\u00e4nden<\/a> protestieren konnten. Als die Juchtenk\u00e4fer im\u00a0Schlosspark zu Stuttgart das urspr\u00fcnglich gr\u00fcne Milliardenprojekt <a title=\"Stuttgart21\" href=\"https:\/\/www.freiburg-schwarzwald.de\/blog\/engagement\/zukunft\/stuttgart21\/\">Stuttgart 21<\/a> scheitern lassen sollten. Als Widerstand gegen Fl\u00e4chenversiegelung und den Bau neuer Gewerbegebiete, Strassen und Wohnquartiere gerne mit den Vorschriften\u00a0Natur- und Artenschutz begr\u00fcndet wurde. Nach der <a title=\"Energiewende\" href=\"https:\/\/www.freiburg-schwarzwald.de\/blog\/energie\/energiewende\/\">Energiewende<\/a> und dem Wechsel <!--more-->von der Opposition in die Regierung erkennt\u00a0der gr\u00fcne \u00d6koprotest neuen Fronten. Beim Ausbau der Windkraft k\u00e4mpft er gegen die strengen Natur- und Artenschutzvorschriften, die er fr\u00fcher so gerne zum Aushebeln benutzt hatte. Beim Pumpspeicherwerk Atdorf sind <a title=\"BUND\" href=\"https:\/\/www.freiburg-schwarzwald.de\/blog\/natur\/umwelt\/bund\/\">Bund<\/a>, Nabu, LNV\u00a0und BLNN pl\u00f6tzlich im gegnerischen Lager, bei den Strom-\u00dcberlandtrassen sowieso. Und der Atomausstieg droht zu scheitern &#8211; nicht am Willen Aller, sondern weil schlicht die Fachleute fehlen. Die von Gr\u00fcnen jahrelang gepredigte <a title=\"Science\" href=\"https:\/\/www.freiburg-schwarzwald.de\/blog\/bildung\/science\/\">Technikfeindlichkeit<\/a> hat bei der Jugend grausam gefruchtet: Biologie, Chemie, Physik\u00a0und Ingenieurwesen sind uncool. In Deutschland studiert kaum noch jemand Nukleartechnik &#8211; und wenn, dann sind es Ausl\u00e4nder. Die Folgen sind fatal: Die f\u00fcr\u00a0<a title=\"Atomausstieg ohne Ingenieure?\" href=\"https:\/\/www.freiburg-schwarzwald.de\/blog\/atomausstieg-ohne-ingenieure\/\">R\u00fcckbau und Endlagerung der AKWs\u00a0ben\u00f6tigten Ingenieure gibt es nicht<\/a> &#8211; langfristig. Und mit einfachem &#8222;AKW abschalten&#8220;\u00a0ist es nicht getan &#8211; halbwertszeitgem\u00e4\u00df langfristig.<\/p>\n","protected":false},"excerpt":{"rendered":"<p>Was waren das noch Zeiten, als die Gr\u00fcnen\u00a0mit dem Auerwild und im Schulterschluss mit allen Naturschutz&#8211; und Umweltverb\u00e4nden protestieren konnten. Als die Juchtenk\u00e4fer im\u00a0Schlosspark zu Stuttgart das urspr\u00fcnglich gr\u00fcne Milliardenprojekt Stuttgart 21 scheitern lassen sollten. Als Widerstand gegen Fl\u00e4chenversiegelung und &hellip; <a href=\"https:\/\/www.freiburg-schwarzwald.de\/blog\/juchtenkaefer-und-auerhuhn\/\">Weiterlesen <span class=\"meta-nav\">&rarr;<\/span><\/a><\/p>\n","protected":false},"author":4,"featured_media":0,"comment_status":"open","ping_status":"closed","sticky":false,"template":"","format":"standard","meta":{"footnotes":""},"categories":[164,267,67],"tags":[163],"class_list":["post-29115","post","type-post","status-publish","format-standard","hentry","category-akw","category-hochschulen","category-naturschutz","tag-atomkraft"],"_links":{"self":[{"href":"https:\/\/www.freiburg-schwarzwald.de\/blog\/wp-json\/wp\/v2\/posts\/29115","targetHints":{"allow":["GET"]}}],"collection":[{"href":"https:\/\/www.freiburg-schwarzwald.de\/blog\/wp-json\/wp\/v2\/posts"}],"about":[{"href":"https:\/\/www.freiburg-schwarzwald.de\/blog\/wp-json\/wp\/v2\/types\/post"}],"author":[{"embeddable":true,"href":"https:\/\/www.freiburg-schwarzwald.de\/blog\/wp-json\/wp\/v2\/users\/4"}],"replies":[{"embeddable":true,"href":"https:\/\/www.freiburg-schwarzwald.de\/blog\/wp-json\/wp\/v2\/comments?post=29115"}],"version-history":[{"count":0,"href":"https:\/\/www.freiburg-schwarzwald.de\/blog\/wp-json\/wp\/v2\/posts\/29115\/revisions"}],"wp:attachment":[{"href":"https:\/\/www.freiburg-schwarzwald.de\/blog\/wp-json\/wp\/v2\/media?parent=29115"}],"wp:term":[{"taxonomy":"category","embeddable":true,"href":"https:\/\/www.freiburg-schwarzwald.de\/blog\/wp-json\/wp\/v2\/categories?post=29115"},{"taxonomy":"post_tag","embeddable":true,"href":"https:\/\/www.freiburg-schwarzwald.de\/blog\/wp-json\/wp\/v2\/tags?post=29115"}],"curies":[{"name":"wp","href":"https:\/\/api.w.org\/{rel}","templated":true}]}}