{"id":29024,"date":"2013-05-08T14:25:43","date_gmt":"2013-05-08T12:25:43","guid":{"rendered":"https:\/\/www.freiburg-schwarzwald.de\/blog\/?p=29024"},"modified":"2013-05-10T11:45:00","modified_gmt":"2013-05-10T09:45:00","slug":"seniorenresidenz-kirchzarten","status":"publish","type":"post","link":"https:\/\/www.freiburg-schwarzwald.de\/blog\/seniorenresidenz-kirchzarten\/","title":{"rendered":"Seniorenresidenz Kirchzarten"},"content":{"rendered":"<p>Mit den Worten \u201eTraditionell werden in der Nacht zum <a title=\"Fruehling\" href=\"https:\/\/www.freiburg-schwarzwald.de\/blog\/natur\/fruehling\/\">1. Mai<\/a> immer wieder allerlei Scherze und lustige Dinge angestellt. An diesen Scherzen kann man sich durchaus erfreuen\u201c bat die Gemeinde <a title=\"Kirchzarten\" href=\"https:\/\/www.freiburg-schwarzwald.de\/blog\/regio\/orte\/kirchzarten\/\">Kirchzarten<\/a> in ihrem \u201eBl\u00e4ttle\u201c darum, die \u201eScherze auf lustige Dinge zu beschr\u00e4nken\u201c. Die in der \u201eWalpurgisnacht\u201c ver\u00e4nderten Ortsschilder waren sicher eine scherzhafte Anspielung auf den vor einigen Wochen erfolgten <a title=\"Giersberg\" href=\"https:\/\/www.freiburg-schwarzwald.de\/blog\/regio\/berge\/giersberg\/\">B\u00fcrgerentscheid<\/a>, der sich f\u00fcr einen <a title=\"MTB-Kirchzarten\" href=\"https:\/\/www.freiburg-schwarzwald.de\/blog\/sport\/sportlern\/biken\/mtb-kirchzarten\/\">mountainbikeberuhigten Giersberg<\/a> ausgesprochen hatte. <!--more-->Die n\u00e4chtliche Sperrung der Giersbergauffahrt war mit dem Hinweis auf eine Baustelle und die Haftung der Enkel f\u00fcr ihre Gro\u00dfeltern erfolgt.<\/p>\n<p>\u00a0<a href=\"https:\/\/www.freiburg-schwarzwald.de\/blog\/seniorenresidenz-kirchzarten\/kirchzarten-seniorenresidenz130501\/\" rel=\"attachment wp-att-29314\"><img loading=\"lazy\" decoding=\"async\" class=\"alignnone size-thumbnail wp-image-29314\" title=\"kirchzarten-seniorenresidenz130501\" src=\"https:\/\/www.freiburg-schwarzwald.de\/blog\/wp-content\/uploads\/2013\/05\/kirchzarten-seniorenresidenz130501-180x124.jpg\" alt=\"\" width=\"180\" height=\"124\" srcset=\"https:\/\/www.freiburg-schwarzwald.de\/blog\/wp-content\/uploads\/2013\/05\/kirchzarten-seniorenresidenz130501-180x124.jpg 180w, https:\/\/www.freiburg-schwarzwald.de\/blog\/wp-content\/uploads\/2013\/05\/kirchzarten-seniorenresidenz130501.jpg 640w\" sizes=\"auto, (max-width: 180px) 100vw, 180px\" \/><\/a>\u00a0\u00a0\u00a0 Foto: gl\u00fc &#8211; \u201eWalpurgis\u201c<\/p>\n<p><strong>Kommunales Wahlalter von 18 auf 16 Jahre gesenkt<\/strong><br \/>\nEin B\u00fcrgerentscheid hat kl\u00e4rende und befreiende Wirkung. Nach dem B\u00fcrgerentscheid Anfang M\u00e4rz in Kirchzarten ist der Dorffrieden wiedereingekehrt. So ist es normalerweise &#8211; ist es aber leider nicht. Aus diesem Grund sind die folgenden Zeilen nicht als N\u00f6rgelei, sondern als positiver Tip zu verstehen. Der Landtag von Baden-W\u00fcrttemberg hat am 11.4.2013 das Wahlalter auf kommunaler Ebene von 18 auf 16 Jahre gesenkt. F\u00fcr unsere Jugendlichen kommt diese Gesetzes\u00e4nderung leider wenige Wochen zu sp\u00e4t. Am 3.3.2013 wurde der B\u00fcrgerentscheid mit der Fragestellung &#8222;Soll am Giersberg\/Bickenreute eine Trainings- und Wettkampfsportst\u00e4tte f\u00fcr Mountainbiker (Bike-Arena) eingerichtet werden?&#8220; abgelehnt &#8211; zur gro\u00dfen Entt\u00e4uschung der sportbegeisterten Jugend. Was w\u00e4re, wenn<br \/>\n\u00a0\u00a0 (1) die Jugendlichen zwischen 16 und 18 Jahren damals \u00fcber ihre MTB-Strecke h\u00e4tten mitentscheiden k\u00f6nnen?<br \/>\n\u00a0\u00a0 (2) in der Fragestellung das Wort &#8222;Bike-Arena&#8220; fairerweise gestrichen worden w\u00e4re, da diese gar nicht gebaut wird?<br \/>\nH\u00e4tte sich unter diesen beiden Voraussetzungen nicht eine Mehrheit positiv entschieden &#8211; f\u00fcr die bikende Jugend? Kann man f\u00fcr die Jugend nicht sofort einen neuen Anlauf unternehmen? Oder bleibt: In einem ringsum von viel Wald umgebenen Ort wie Kirchzarten ist kein einziges St\u00fcckchen Wald (mit Anbindung zum SV-Stadion) frei f\u00fcr die eigene MTB-begeisterte Jugend?<br \/>\n8.5.2013, Dr. Ekkehard Kaier, <a href=\"https:\/\/www.dreisamtaeler.de\">www.dreisamtaeler.de<\/a><\/p>\n","protected":false},"excerpt":{"rendered":"<p>Mit den Worten \u201eTraditionell werden in der Nacht zum 1. Mai immer wieder allerlei Scherze und lustige Dinge angestellt. An diesen Scherzen kann man sich durchaus erfreuen\u201c bat die Gemeinde Kirchzarten in ihrem \u201eBl\u00e4ttle\u201c darum, die \u201eScherze auf lustige Dinge &hellip; <a href=\"https:\/\/www.freiburg-schwarzwald.de\/blog\/seniorenresidenz-kirchzarten\/\">Weiterlesen <span class=\"meta-nav\">&rarr;<\/span><\/a><\/p>\n","protected":false},"author":4,"featured_media":0,"comment_status":"open","ping_status":"closed","sticky":false,"template":"","format":"standard","meta":{"footnotes":""},"categories":[75,181,102],"tags":[69],"class_list":["post-29024","post","type-post","status-publish","format-standard","hentry","category-biken","category-buergerbeteiligung","category-senioren","tag-mtb"],"_links":{"self":[{"href":"https:\/\/www.freiburg-schwarzwald.de\/blog\/wp-json\/wp\/v2\/posts\/29024","targetHints":{"allow":["GET"]}}],"collection":[{"href":"https:\/\/www.freiburg-schwarzwald.de\/blog\/wp-json\/wp\/v2\/posts"}],"about":[{"href":"https:\/\/www.freiburg-schwarzwald.de\/blog\/wp-json\/wp\/v2\/types\/post"}],"author":[{"embeddable":true,"href":"https:\/\/www.freiburg-schwarzwald.de\/blog\/wp-json\/wp\/v2\/users\/4"}],"replies":[{"embeddable":true,"href":"https:\/\/www.freiburg-schwarzwald.de\/blog\/wp-json\/wp\/v2\/comments?post=29024"}],"version-history":[{"count":0,"href":"https:\/\/www.freiburg-schwarzwald.de\/blog\/wp-json\/wp\/v2\/posts\/29024\/revisions"}],"wp:attachment":[{"href":"https:\/\/www.freiburg-schwarzwald.de\/blog\/wp-json\/wp\/v2\/media?parent=29024"}],"wp:term":[{"taxonomy":"category","embeddable":true,"href":"https:\/\/www.freiburg-schwarzwald.de\/blog\/wp-json\/wp\/v2\/categories?post=29024"},{"taxonomy":"post_tag","embeddable":true,"href":"https:\/\/www.freiburg-schwarzwald.de\/blog\/wp-json\/wp\/v2\/tags?post=29024"}],"curies":[{"name":"wp","href":"https:\/\/api.w.org\/{rel}","templated":true}]}}