{"id":29007,"date":"2013-05-07T22:08:46","date_gmt":"2013-05-07T20:08:46","guid":{"rendered":"https:\/\/www.freiburg-schwarzwald.de\/blog\/?p=29007"},"modified":"2013-05-07T22:12:16","modified_gmt":"2013-05-07T20:12:16","slug":"trinationales-theater-kunsthartz","status":"publish","type":"post","link":"https:\/\/www.freiburg-schwarzwald.de\/blog\/trinationales-theater-kunsthartz\/","title":{"rendered":"Trinationales Theater KunstHartz"},"content":{"rendered":"<p><a title=\"Trirhena\" href=\"https:\/\/www.freiburg-schwarzwald.de\/blog\/regio\/trirhena\/\">Trinationales<\/a> Theaterst\u00fcck mit Laienspieler\/innen aus <a title=\"Schweiz\" href=\"https:\/\/www.freiburg-schwarzwald.de\/blog\/global\/schweiz\/\">Basel<\/a>, <a title=\"Mulhouse\" href=\"https:\/\/www.freiburg-schwarzwald.de\/blog\/regio\/elsass\/mulhouse\/\">Mulhouse<\/a> und Freiburg, die ihre Lebenserfahrungen am Rande der Gesellschaft zusammengetragen haben. Daraus entstanden ist ein St\u00fcck \u00fcber N\u00e4he und Fremdheit der Nachbarschaft, soziale Ausgrenzung versus <a title=\"Konsum\" href=\"https:\/\/www.freiburg-schwarzwald.de\/blog\/engagement\/verbraucher\/konsum\/\">grenzenlosem Konsum<\/a>\u00a0und Leistungsdenken, Solidarit\u00e4t mit dem N\u00e4chsten und schlie\u00dflich die Frage: Wer bin ich? Wie will ich mit meinen Mitmenschen leben? Der Eintritt ist frei, Spenden nat\u00fcrlich willkommen. <!--more--><\/p>\n<p>Alle Interessierte sind herzlich zur Premiere des\u00a0Dreil\u00e4nder-Theaterst\u00fccks am Samstag, den 08.06.13 ca. um 16.30 Uhr in die Hebelschule, Engelbergerstr. 2, eingeladen. Das St\u00fcck findet im Anschluss an die Trinationale Tagung &#8222;Wir zahlen nicht f\u00fcr eure Krise &#8211; rechts und links des Rheins&#8220; statt.<\/p>\n<p>Angefangen hat das Ganze eigentlich im Jahr 2011, als Roger Winterhalter vom Weltb\u00fcrgerhaus in Mulhouse das Hysterium von KunstHartz\u00a0in Ebnet gesehen hat und sehr begeistert war. Nach einer l\u00e4ngeren Phase der Antragstellung konnte im letzten Herbst mit dem Segen des Europ\u00e4ischen Sozialfonds gestartet werden. Mit im Boot sind Menschen aus verschiedenen Hilfeeinrichtungen und Selbsthilfeorganisationen in Mulhouse, Basel und Freiburg, die in den letzten Monaten in mehreren fr\u00f6hlichen Sitzungen ein zweisprachiges St\u00fcck erarbeitet haben, das das nicht immer einfache Zusammenleben mit den Nachbarn, soziale Ausgrenzung, Diktat des Geldes und das Entdecken und Leben neuer M\u00f6glichkeiten zum Thema hat.<br \/>\n7.5.2013, Maren Moormann von Schwere(s)Los! e.V.,\u00a0<a href=\"mailto:KunstHartz@yahoo.de\">KunstHartz@yahoo.de<\/a><\/p>\n","protected":false},"excerpt":{"rendered":"<p>Trinationales Theaterst\u00fcck mit Laienspieler\/innen aus Basel, Mulhouse und Freiburg, die ihre Lebenserfahrungen am Rande der Gesellschaft zusammengetragen haben. Daraus entstanden ist ein St\u00fcck \u00fcber N\u00e4he und Fremdheit der Nachbarschaft, soziale Ausgrenzung versus grenzenlosem Konsum\u00a0und Leistungsdenken, Solidarit\u00e4t mit dem N\u00e4chsten und &hellip; <a href=\"https:\/\/www.freiburg-schwarzwald.de\/blog\/trinationales-theater-kunsthartz\/\">Weiterlesen <span class=\"meta-nav\">&rarr;<\/span><\/a><\/p>\n","protected":false},"author":4,"featured_media":0,"comment_status":"open","ping_status":"closed","sticky":false,"template":"","format":"standard","meta":{"footnotes":""},"categories":[54,214,105],"tags":[443],"class_list":["post-29007","post","type-post","status-publish","format-standard","hentry","category-ehrenamt","category-theater","category-trirhena","tag-termin"],"_links":{"self":[{"href":"https:\/\/www.freiburg-schwarzwald.de\/blog\/wp-json\/wp\/v2\/posts\/29007","targetHints":{"allow":["GET"]}}],"collection":[{"href":"https:\/\/www.freiburg-schwarzwald.de\/blog\/wp-json\/wp\/v2\/posts"}],"about":[{"href":"https:\/\/www.freiburg-schwarzwald.de\/blog\/wp-json\/wp\/v2\/types\/post"}],"author":[{"embeddable":true,"href":"https:\/\/www.freiburg-schwarzwald.de\/blog\/wp-json\/wp\/v2\/users\/4"}],"replies":[{"embeddable":true,"href":"https:\/\/www.freiburg-schwarzwald.de\/blog\/wp-json\/wp\/v2\/comments?post=29007"}],"version-history":[{"count":0,"href":"https:\/\/www.freiburg-schwarzwald.de\/blog\/wp-json\/wp\/v2\/posts\/29007\/revisions"}],"wp:attachment":[{"href":"https:\/\/www.freiburg-schwarzwald.de\/blog\/wp-json\/wp\/v2\/media?parent=29007"}],"wp:term":[{"taxonomy":"category","embeddable":true,"href":"https:\/\/www.freiburg-schwarzwald.de\/blog\/wp-json\/wp\/v2\/categories?post=29007"},{"taxonomy":"post_tag","embeddable":true,"href":"https:\/\/www.freiburg-schwarzwald.de\/blog\/wp-json\/wp\/v2\/tags?post=29007"}],"curies":[{"name":"wp","href":"https:\/\/api.w.org\/{rel}","templated":true}]}}