{"id":2877,"date":"2012-05-07T11:02:03","date_gmt":"2012-05-07T11:02:03","guid":{"rendered":"https:\/\/www.freiburg-schwarzwald.de\/blog\/?p=2877"},"modified":"2012-05-07T11:02:03","modified_gmt":"2012-05-07T11:02:03","slug":"nachhaltige-urbanisierung-jeder-zweite-lebt-in-der-stadt","status":"publish","type":"post","link":"https:\/\/www.freiburg-schwarzwald.de\/blog\/nachhaltige-urbanisierung-jeder-zweite-lebt-in-der-stadt\/","title":{"rendered":"Nachhaltige Urbanisierung &#8211; jeder Zweite lebt in der Stadt"},"content":{"rendered":"<p>Einladung: Die <a title=\"Zukunft\" href=\"https:\/\/www.freiburg-schwarzwald.de\/blog\/engagement\/zukunft\/\">Zukunft<\/a> der Stadt \u2013 <a title=\"Nachhaltigkeit\" href=\"https:\/\/www.freiburg-schwarzwald.de\/blog\/natur\/klima\/nachhaltigkeit\/\">Nachhaltige<\/a> Urbanisierung<br \/>\n10. Mai 2012, 20 Uhr, Theater Freiburg, Kleines Haus<br \/>\nEine Veranstaltung der Kulturstiftung des Bundes in Zusammenarbeit mit dem Suhrkamp Verlag.<br \/>\nDer Eintritt ist f\u00fcr Sch\u00fcler und Studenten frei.<br \/>\nBereits mehr als die H\u00e4lfte der Erdbev\u00f6lkerung lebt in St\u00e4dten, und St\u00e4dte sind f\u00fcr 75% globalen CO2-Emissionen verantwortlich. Wie reagiert der St\u00e4dtebau auf <a title=\"Klima\" href=\"https:\/\/www.freiburg-schwarzwald.de\/blog\/natur\/klima\/\">Klimawandel<\/a>, Artensterben, Rohstoffkrise und die fortschreitende globale Urbanisierung? Ist die Null-Emissionsstadt m\u00f6glich? Welche Technologien stehen bereit und welche fehlen noch, um neue urbane Gebiete als \u00d6kost\u00e4dte zu konzipieren und bestehende in solche umzubauen? Wird das Leben in \u00d6kost\u00e4dten langweilig sein? <!--more-->Welche Systeme \u2013 wie Fortbewegung, Nahrungsversorgung, Information \u2013 sind in welcher Weise in die Planung der Stadt der Zukunft einzubeziehen? Welche politischen Weichenstellungen sind vonn\u00f6ten? Wie l\u00e4sst sich der nachhaltige Umbau bestehender St\u00e4dte finanzieren? Auf welche Traditionen des nachhaltigen Bauens kann in den verschiedenen Regionen der Welt zur\u00fcckgegriffen werden? Wie lassen sich Geb\u00e4ude konzipieren, die nachhaltig mehr Energie erzeugen als sie verbrauchen und eine dezentrale Energieversorgung erm\u00f6glichen? Und kann der Wandel zum nachhaltigen St\u00e4dtebau gelingen, wenn er nicht an Armutsbek\u00e4mpfung gekoppelt ist?<br \/>\nEine Publikumsdiskussion mit:<br \/>\nFrauke Kraas, Professorin f\u00fcr Anthropogeographie, Expertin f\u00fcr Megast\u00e4dte und Stadtentwicklung<br \/>\nMatthias Schuler, Planer, Ingenieurb\u00fcro Transsolar KlimaEngineering (Masdar City) und Professor f\u00fcr Umwelttechnologien in Harvard<br \/>\nDas Publikum ist eingeladen, eigene Beitr\u00e4ge zu liefern, am Mikrofon oder per SMS. In eingespielten Interviewclips kommen zudem renommierte ExpertInnen, darunter der St\u00e4dteplaner Peter Head (\u00d6kostadt Dongtan\/China) und der Schriftsteller TC Boyle, der Politologe Claus Leggewie und der Soziologe John Urry, aber auch Stimmen aus der B\u00fcrgergesellschaft zu Wort.<br \/>\nDas Besondere: Das Publikum stimmt per Laserpointer mehrheitlich ab, wen es als n\u00e4chstes h\u00f6ren m\u00f6chte: eine\/n Expert\/in, eine Einspielung oder einen Beitrag aus den eigenen Reihen. So entsteht ein vom Publikum gelenkter, sich selbst organisierender demokratischer Diskurs.<br \/>\nDie Veranstaltung Die Zukunft der Stadt \u2013 Nachhaltige Urbanisierung ist Teil der bundesweiten, interdisziplin\u00e4ren Veranstaltungsreihe Werden wir die Erde retten? Sie beruht auf dem gleichnamigen Buch des Schriftstellers Tobias H\u00fclswitt und des Physikers Roman Brinzanik und besch\u00e4ftigt sich mit der Rolle von Naturwissenschaft und Technologie bei der Verursachung und m\u00f6glichen Bew\u00e4ltigung der aktuellen Klima-, Umwelt- und Ressourcenkrise. Das Buch erscheint im Herbst 2012 in der edition unseld des Suhrkamp Verlags. Filmclips von dem Filmemacher Gunther Kreis. Korsakowformat: Florian Thalhofer.<br \/>\nEintritt 5 Euro, Sch\u00fcler und Studenten frei.\u00a0Informationen unter <a href=\"https:\/\/www.erderetten.de\/\">www.erderetten.de<\/a><\/p>\n","protected":false},"excerpt":{"rendered":"<p>Einladung: Die Zukunft der Stadt \u2013 Nachhaltige Urbanisierung 10. Mai 2012, 20 Uhr, Theater Freiburg, Kleines Haus Eine Veranstaltung der Kulturstiftung des Bundes in Zusammenarbeit mit dem Suhrkamp Verlag. Der Eintritt ist f\u00fcr Sch\u00fcler und Studenten frei. Bereits mehr als &hellip; <a href=\"https:\/\/www.freiburg-schwarzwald.de\/blog\/nachhaltige-urbanisierung-jeder-zweite-lebt-in-der-stadt\/\">Weiterlesen <span class=\"meta-nav\">&rarr;<\/span><\/a><\/p>\n","protected":false},"author":2,"featured_media":0,"comment_status":"open","ping_status":"closed","sticky":false,"template":"","format":"standard","meta":{"footnotes":""},"categories":[141,172],"tags":[196],"class_list":["post-2877","post","type-post","status-publish","format-standard","hentry","category-nachhaltigkeit","category-zukunft","tag-urbanisierung"],"_links":{"self":[{"href":"https:\/\/www.freiburg-schwarzwald.de\/blog\/wp-json\/wp\/v2\/posts\/2877","targetHints":{"allow":["GET"]}}],"collection":[{"href":"https:\/\/www.freiburg-schwarzwald.de\/blog\/wp-json\/wp\/v2\/posts"}],"about":[{"href":"https:\/\/www.freiburg-schwarzwald.de\/blog\/wp-json\/wp\/v2\/types\/post"}],"author":[{"embeddable":true,"href":"https:\/\/www.freiburg-schwarzwald.de\/blog\/wp-json\/wp\/v2\/users\/2"}],"replies":[{"embeddable":true,"href":"https:\/\/www.freiburg-schwarzwald.de\/blog\/wp-json\/wp\/v2\/comments?post=2877"}],"version-history":[{"count":0,"href":"https:\/\/www.freiburg-schwarzwald.de\/blog\/wp-json\/wp\/v2\/posts\/2877\/revisions"}],"wp:attachment":[{"href":"https:\/\/www.freiburg-schwarzwald.de\/blog\/wp-json\/wp\/v2\/media?parent=2877"}],"wp:term":[{"taxonomy":"category","embeddable":true,"href":"https:\/\/www.freiburg-schwarzwald.de\/blog\/wp-json\/wp\/v2\/categories?post=2877"},{"taxonomy":"post_tag","embeddable":true,"href":"https:\/\/www.freiburg-schwarzwald.de\/blog\/wp-json\/wp\/v2\/tags?post=2877"}],"curies":[{"name":"wp","href":"https:\/\/api.w.org\/{rel}","templated":true}]}}