{"id":28720,"date":"2013-05-04T09:10:00","date_gmt":"2013-05-04T07:10:00","guid":{"rendered":"https:\/\/www.freiburg-schwarzwald.de\/blog\/?p=28720"},"modified":"2013-05-04T09:10:00","modified_gmt":"2013-05-04T07:10:00","slug":"zweisprachig-d-f-im-elsass","status":"publish","type":"post","link":"https:\/\/www.freiburg-schwarzwald.de\/blog\/zweisprachig-d-f-im-elsass\/","title":{"rendered":"Zweisprachig D-F im Elsass"},"content":{"rendered":"<p>Es soll chic werden, Deutsch zu lernen. So vehement wie der Pr\u00e4sident des Generalrates in Colmar hat bislang noch kein <a title=\"Elsass\" href=\"https:\/\/www.freiburg-schwarzwald.de\/blog\/regio\/elsass\/\">els\u00e4ssischer<\/a> Politiker zum Thema Zweisprachigkeit Stellung bezogen. Charles Buttner fordert, alle Sch\u00fclerinnen und Sch\u00fcler in der <a title=\"Eurodistrict\" href=\"https:\/\/www.freiburg-schwarzwald.de\/blog\/regio\/trirhena\/eurodistrict\/\">Grenzregion<\/a> auf Deutsch und Franz\u00f6sisch zu unterrichten. Der els\u00e4ssische Dialekt und die deutsche Hochsprache sind auf dem R\u00fcckzug, <!--more-->die Zahl der Grenzg\u00e4nger ist massiv gesunken.\u00a0\u00a0<br \/>\n<em>B\u00e4rbel N\u00fcckles: Monsieur Buttner, seit Jahren kritisieren Elternverb\u00e4nde im Elsass, dass die staatliche Schulbeh\u00f6rde nur z\u00f6gerlich zweisprachige Klassen genehmigt. Warum sollte sie nun ihre Meinung \u00e4ndern?<\/em><br \/>\nButtner: Frankreich ist leider zentralistisch organisiert. Aber auch in unserem Land muss man endlich verstehen, dass die Entscheidungen zu dr\u00e4ngenden Problemen vor Ort fallen m\u00fcssen. Das Budget unserer Schulbeh\u00f6rde ist begrenzt. Deshalb m\u00fcssen wir eine L\u00f6sung finden, wie wir das System \u00e4ndern, ohne die Kosten wesentlich zu erh\u00f6hen. Ich bin \u00fcberzeugt, alles wird einfacher, wenn wir statt zwei parallelen Systemen wie jetzt ein einziges, das zweisprachige, haben. Die gr\u00f6\u00dfte H\u00fcrde ist es, dass wir Lehrer finden m\u00fcssen, die nicht Deutsch als Fremdsprache, sondern Sachf\u00e4cher auf Deutsch unterrichten k\u00f6nnen.<br \/>\n<em>B\u00e4rbel N\u00fcckles: Dass Sie nicht gen\u00fcgend zweisprachige Lehrer haben, war bisher schon ein Hindernis. Woher wollen sie jetzt noch mehr herbekommen?<\/em><br \/>\nButtner: Ideal w\u00e4re es, wenn wir mit einer Gemeinde oder einem Kreis in S\u00fcdbaden gemeinsam ein zweisprachiges Schulprojekt mit einem Austausch der P\u00e4dagogen auf die Beine stellen k\u00f6nnten.<br \/>\n<em>B\u00e4rbel N\u00fcckles: Und was sagen Sie den Eltern, die gegen eine Zwangseinf\u00fchrung sind?<\/em><br \/>\nButtner: Wir m\u00fcssen sie davon \u00fcberzeugen, dass Kinder andere Sprachen wie einen Schwamm aufsaugen. Dass es eine echte Chance f\u00fcr ihre Kinder ist, wenn sie sehr fr\u00fch eine weitere Sprache lernen. Wir m\u00fcssen erreichen, dass es chic ist, Deutsch zu lernen oder sogar mehrsprachig zu sein. Denn wir wollen Englisch ja nicht aus der Schule verdr\u00e4ngen. Klar ist, dass wir unser Ziel nur erreichen, wenn wir die Eltern auf unserer Seite haben.<br \/>\n<em>B\u00e4rbel N\u00fcckles: Nach 20 Jahren Erfahrung mit zweisprachigen Klassen, braucht es da noch eine Probephase, wie Sie es vorschlagen? Warum noch mehr Zeit verlieren?<\/em><br \/>\nButtner: So etwas kann man nicht \u00fcber Nacht einf\u00fchren. Daf\u00fcr m\u00fcssen wir noch zu viel \u00dcberzeugungsarbeit leisten.<br \/>\n4.5.2013, B\u00e4rbel N\u00fcckles im Interview mit Charles Buttner<\/p>\n<div>Charles Buttner, geboren 1949, ist Lehrer und leitet in Colmar ein Gymnasium. Seit 2004 ist er Pr\u00e4sident des Generalrates. Der Politiker der konservativen UPM erh\u00e4lt demn\u00e4chst das Bundesverdienstkreuz.<\/div>\n","protected":false},"excerpt":{"rendered":"<p>Es soll chic werden, Deutsch zu lernen. So vehement wie der Pr\u00e4sident des Generalrates in Colmar hat bislang noch kein els\u00e4ssischer Politiker zum Thema Zweisprachigkeit Stellung bezogen. Charles Buttner fordert, alle Sch\u00fclerinnen und Sch\u00fcler in der Grenzregion auf Deutsch und &hellip; <a href=\"https:\/\/www.freiburg-schwarzwald.de\/blog\/zweisprachig-d-f-im-elsass\/\">Weiterlesen <span class=\"meta-nav\">&rarr;<\/span><\/a><\/p>\n","protected":false},"author":4,"featured_media":0,"comment_status":"open","ping_status":"closed","sticky":false,"template":"","format":"standard","meta":{"footnotes":""},"categories":[212,18,191,61,105],"tags":[26,432],"class_list":["post-28720","post","type-post","status-publish","format-standard","hentry","category-alemannisch","category-bildung","category-elsass","category-kinder","category-trirhena","tag-deutsch","tag-regional"],"_links":{"self":[{"href":"https:\/\/www.freiburg-schwarzwald.de\/blog\/wp-json\/wp\/v2\/posts\/28720","targetHints":{"allow":["GET"]}}],"collection":[{"href":"https:\/\/www.freiburg-schwarzwald.de\/blog\/wp-json\/wp\/v2\/posts"}],"about":[{"href":"https:\/\/www.freiburg-schwarzwald.de\/blog\/wp-json\/wp\/v2\/types\/post"}],"author":[{"embeddable":true,"href":"https:\/\/www.freiburg-schwarzwald.de\/blog\/wp-json\/wp\/v2\/users\/4"}],"replies":[{"embeddable":true,"href":"https:\/\/www.freiburg-schwarzwald.de\/blog\/wp-json\/wp\/v2\/comments?post=28720"}],"version-history":[{"count":0,"href":"https:\/\/www.freiburg-schwarzwald.de\/blog\/wp-json\/wp\/v2\/posts\/28720\/revisions"}],"wp:attachment":[{"href":"https:\/\/www.freiburg-schwarzwald.de\/blog\/wp-json\/wp\/v2\/media?parent=28720"}],"wp:term":[{"taxonomy":"category","embeddable":true,"href":"https:\/\/www.freiburg-schwarzwald.de\/blog\/wp-json\/wp\/v2\/categories?post=28720"},{"taxonomy":"post_tag","embeddable":true,"href":"https:\/\/www.freiburg-schwarzwald.de\/blog\/wp-json\/wp\/v2\/tags?post=28720"}],"curies":[{"name":"wp","href":"https:\/\/api.w.org\/{rel}","templated":true}]}}