{"id":28704,"date":"2013-05-03T19:06:39","date_gmt":"2013-05-03T17:06:39","guid":{"rendered":"https:\/\/www.freiburg-schwarzwald.de\/blog\/?p=28704"},"modified":"2013-05-03T19:10:33","modified_gmt":"2013-05-03T17:10:33","slug":"streich-spiel-ausverkauft","status":"publish","type":"post","link":"https:\/\/www.freiburg-schwarzwald.de\/blog\/streich-spiel-ausverkauft\/","title":{"rendered":"Streich bleibt Spiel ausverkauft"},"content":{"rendered":"<p>Das am\u00a0Sonntag 5.3.2013 um 15.30 Uhr stattfindende Spiel des <a title=\"SCfreiburg\" href=\"https:\/\/www.freiburg-schwarzwald.de\/blog\/sport\/sportvereine\/scfreiburg\/\">SC<\/a> gegen Augsburg\u00a0im MAGE-SOLAR Stadion ist ausverkauft. Verletzungsbedingt fehlen Marco Terrazzino und ggf. auch Pavel Krmas. Julian Schuster und Jan Rosenthal sind wieder im Kader, Sebastian Reis ist wieder fit, sein Vertrag l\u00e4uft \u00fcbrigens bis 2014. Der Trainingsauftakt und somit die Saisonvorbereitung beginnt am 24.06.2013 im MAGE SOLAR Stadion. <!--more-->Die Saisoner\u00f6ffnung im MAGE SOLAR Stadion ist am 27. Juli 2013, die 1. Runde des DFB-Pokals findet vom 2.08. \u2013 4.08., der 1. Spieltag der Fu\u00dfball-Bundesliga vom 9.08. \u2013 11.08. statt.<\/p>\n<p>Die Vertragsverl\u00e4ngerung des gesamten Trainerteams um Christian Streich zeichnet sich ab. Er arbeite gerne hier, schon lange hier, bei einem guten Verein mit guten Mitarbeitern, es mache einfach Spa\u00df hier zu arbeiten, so Christian Streich. Dar\u00fcber wurde bereits mit den Vorst\u00e4nden gesprochen. Das Ziel sei, dass alle weiterhin in Freiburg bleiben, es g\u00e4be keine \u00dcberlegungen in andere Richtungen, widersprach Streich auf der heutigen Pressekonferenz. Ger\u00fcchte wie Gespr\u00e4che mit Schalke 04, etc. verwies er ins Reich der Spekulationen.\u00a0<\/p>\n<p>Das Spiel gegen Augsburg werde interessant und sehr intensiv &#8211; die Augsburger, betont Streich, haben z. Zt. eine richtig gute Mannschaft und seien nicht umsonst 5. in der R\u00fcckrunde. Der SC Freiburg werde voll dagegen halten und den Zuschauern etwas bieten, nachdem die letzten 3 Spiele jeweils nur mit einem Tor Unterschied verloren wurden. Die Mannschaft sei Top eingestellt, die Spieler werden alles rausholen, spielerisch wie auch tabellarisch, es wird alles versucht werden, dieses Spiel zu gewinnen, versprach der Trainer des SC auf der heute stattgefundenen Pressekonferenz zum Spiel gegen den FC Augsburg.<br \/>\n3.5.2013, Hans E. Homlicher<\/p>\n","protected":false},"excerpt":{"rendered":"<p>Das am\u00a0Sonntag 5.3.2013 um 15.30 Uhr stattfindende Spiel des SC gegen Augsburg\u00a0im MAGE-SOLAR Stadion ist ausverkauft. Verletzungsbedingt fehlen Marco Terrazzino und ggf. auch Pavel Krmas. Julian Schuster und Jan Rosenthal sind wieder im Kader, Sebastian Reis ist wieder fit, sein &hellip; <a href=\"https:\/\/www.freiburg-schwarzwald.de\/blog\/streich-spiel-ausverkauft\/\">Weiterlesen <span class=\"meta-nav\">&rarr;<\/span><\/a><\/p>\n","protected":false},"author":4,"featured_media":0,"comment_status":"open","ping_status":"closed","sticky":false,"template":"","format":"standard","meta":{"footnotes":""},"categories":[204],"tags":[366,187],"class_list":["post-28704","post","type-post","status-publish","format-standard","hentry","category-scfreiburg","tag-fussball","tag-sc"],"_links":{"self":[{"href":"https:\/\/www.freiburg-schwarzwald.de\/blog\/wp-json\/wp\/v2\/posts\/28704","targetHints":{"allow":["GET"]}}],"collection":[{"href":"https:\/\/www.freiburg-schwarzwald.de\/blog\/wp-json\/wp\/v2\/posts"}],"about":[{"href":"https:\/\/www.freiburg-schwarzwald.de\/blog\/wp-json\/wp\/v2\/types\/post"}],"author":[{"embeddable":true,"href":"https:\/\/www.freiburg-schwarzwald.de\/blog\/wp-json\/wp\/v2\/users\/4"}],"replies":[{"embeddable":true,"href":"https:\/\/www.freiburg-schwarzwald.de\/blog\/wp-json\/wp\/v2\/comments?post=28704"}],"version-history":[{"count":0,"href":"https:\/\/www.freiburg-schwarzwald.de\/blog\/wp-json\/wp\/v2\/posts\/28704\/revisions"}],"wp:attachment":[{"href":"https:\/\/www.freiburg-schwarzwald.de\/blog\/wp-json\/wp\/v2\/media?parent=28704"}],"wp:term":[{"taxonomy":"category","embeddable":true,"href":"https:\/\/www.freiburg-schwarzwald.de\/blog\/wp-json\/wp\/v2\/categories?post=28704"},{"taxonomy":"post_tag","embeddable":true,"href":"https:\/\/www.freiburg-schwarzwald.de\/blog\/wp-json\/wp\/v2\/tags?post=28704"}],"curies":[{"name":"wp","href":"https:\/\/api.w.org\/{rel}","templated":true}]}}