{"id":28615,"date":"2013-05-03T10:47:33","date_gmt":"2013-05-03T08:47:33","guid":{"rendered":"https:\/\/www.freiburg-schwarzwald.de\/blog\/?p=28615"},"modified":"2013-05-03T10:47:33","modified_gmt":"2013-05-03T08:47:33","slug":"agroindustrie-schrei-nach-land","status":"publish","type":"post","link":"https:\/\/www.freiburg-schwarzwald.de\/blog\/agroindustrie-schrei-nach-land\/","title":{"rendered":"Agroindustrie &#8211; Schrei nach Land"},"content":{"rendered":"<p>Montag, 6. Mai, 19 Uhr, Caf\u00e9 Velo &#8211; Stadtbahnbr\u00fccke: Film &#8222;Schrei nach Land&#8220; und Vortrag mit Giorgio Trucchi, Regisseur des Films und Korrespondent der <a title=\"Nahrungsmittelverschwendung\" href=\"https:\/\/www.freiburg-schwarzwald.de\/blog\/natur\/umwelt\/abfall\/nahrungsmittelverschwendung\/\">Nahrungsmittel<\/a>gewerkschaft REL-UITA, Nicaragua: Monokultur, <a title=\"Agrochemie\" href=\"https:\/\/www.freiburg-schwarzwald.de\/blog\/natur\/landwirt\/agrochemie\/\">Massenproduktion<\/a>, <a title=\"Biomasse\" href=\"https:\/\/www.freiburg-schwarzwald.de\/blog\/energie\/biomasse\/\">Agrosprit<\/a> und Landvertreibung in Zentralamerika. Landkonflikte eskalieren &#8211; nicht nur in Honduras. Wie sollte eine menschengerechte, <a title=\"Oeko\" href=\"https:\/\/www.freiburg-schwarzwald.de\/blog\/natur\/landwirt\/oeko\/\">\u00f6kologische<\/a>, globale l\u00e4ndliche <a title=\"Zukunft\" href=\"https:\/\/www.freiburg-schwarzwald.de\/blog\/engagement\/zukunft\/\">Entwicklung<\/a> aussehen? <!--more-->Mit verschiedenen Kurzbeitr\u00e4gen werden in einer an den Film und Vortrag anschlie\u00dfenden *Diskussions- und Austauschrunde folgende aktuelle Entwicklungen erl\u00e4utert und debattiert: Kleinbauernkonvention, Agrarreform, UN-Leitlinien f\u00fcr eine verantwortungsvolle Landpolitik, EU-Agrarwende, nachhaltiger Konsum- und Lebensstil.<\/p>\n<p>Giorgio Trucchi arbeitet als Journalist\/Korrespondent f\u00fcr die Nahrungsmittel-Gewerkschaft REL-UITA. Er zeigt seinen in der Region Bajo Agu\u00e1n\/Honduras gedrehten Film &#8218;Schrei nach Land&#8216; \u00fcber die Bedrohung, Unterdr\u00fcckung und K\u00e4mpfe der Kleinbauern und berichtet in seinem Vortrag \u00fcber die Auswirkungen von Monokulturen, agro-industrieller<br \/>\nMassenproduktion, das Engagement der Bauernorganisationen f\u00fcr den Erhalt ihres Landes, f\u00fcr Nahrungsmittelsicherheit und gegen die Vergiftung der Anbaufl\u00e4chen und die Kriminalisierung des Widerstandes.<\/p>\n<p>Rund um den Globus nimmt die agroindustrielle Massenproduktion zu. Gro\u00dfe Agrarunternehmen produzieren auf dem Weltmarkt gefragte\u00a0 Produkte auf riesigen Fl\u00e4chen in *Monokulturen*. Die auf wenige\u00a0Produkte spezialisierte Massen-Exportproduktion wird von der\u00a0 Weltbank-Tochter IFC immer noch als Non-plus-Ultra der\u00a0 Entwicklung von Unternehmen in L\u00e4ndern des globalen S\u00fcdens\u00a0betrachtet. Die entsprechend arbeitenden Konzerne werden mit<br \/>\ngro\u00dfz\u00fcgigen Krediten gef\u00f6rdert. Beispiele f\u00fcr die *globalisierte Produktion* von *agrarischen\u00a0 Rohstoffen *sind *Palm\u00f6l* und *Zucker*. Palm\u00f6l ist als\u00a0*?*Allroundmaterial*&#8217;*in jedem zweiten Supermarktprodukt\u00a0enthalten, vor allem in Lebensmitteln, Kosmetika und\u00a0 Reinigungsmitteln.<\/p>\n<p>Der Boom der *Agrotreibstoffe* f\u00fchrte in den letzten Jahren zur starken Ausdehnung der Produktion von Zucker und \u00d6lpalmen f\u00fcr\u00a0 Ethanol bzw. Agrodiesel. Die gro\u00dfen Produzenten dieser Produkte\u00a0in Mittelamerika scheinen eine Art Goldgr\u00e4berstimmung zu erleben.\u00a0 Sie versuchen r\u00fccksichtslos, alle im Weg stehenden Hindernisse\u00a0mit Druck und Gewalt zu beseitigen. In *Honduras* will sich der *Palm\u00f6lkonzern Dinant *des\u00a0 Agroindustriellen Miguel Facusse mit allen Mitteln *neue Fl\u00e4chen*\u00a0 aneignen. In den letzten Jahren wurden 88 Kleinbauern,\u00a0 Gewerkschaftsvertreter und Rechtsanw\u00e4lte ermordet, die sich f\u00fcr\u00a0 den *Landbesitz der Kleinbauern* am Unterlauf des Rio Agu\u00e1n\u00a0einsetzten. Bewaffnete Sicherheitskr\u00e4fte des Konzerns waren\u00a0direkt in die Gewalttaten gegen die Bauernorganisationen verwickelt. Zuletzt wurden im Februar 2013 zwei Bauernaktivisten gefoltert und ermordet. Diese Missachtung von Menschenrechten in\u00a0Honduras ist eine Folge des Milit\u00e4rputsches von 2009, mit dem sich Gro\u00dfgrundbesitzer und Konzerne zu den unbeschr\u00e4nkten Herrschern \u00fcber das Lands machen wollten.<br \/>\nIn ganz *Zentralamerika* leiden die Menschen &#8212; so auch wie in anderen Teilen der Welt, u.a. auch in Europa einschlie\u00dflich Deutschlands &#8211; unter den *Auswirkungen* von *Monokulturen*, *Massenproduktion*, *Agrosprit* und *Landvertreibungen*. Im fruchtbarsten Gebiet *Guatemalas*, dem *?*Valle de\u00a0Polochic*&#8217;*, wurden *Indigene Gemeinden* von ihrem Land\u00a0 vertrieben, um die Produktion von Zucker und Palm\u00f6l auszudehnen.\u00a0In *Nicaragua* leiden die Menschen rund um die Zuckerrohrfelder\u00a0unter den schlimmen Auswirkungen von Agrogiften. Viele<br \/>\nArbeiterInnen und Anwohner erkrankten in Folge der *Vergiftungen an chronischer Niereninsuffizienz* (IRC), die in der Regel innerhalb von wenigen Jahren zum Tod der Betroffenen f\u00fchrt. Die extremen *Menschenrechtsverletzungen* und die *Verbreitung von Monokulturen *geschehen nicht einfach so, ohne politischen Einfluss von au\u00dfen. \u00dcber Agrarsubventionen oder Kreditantr\u00e4ge von Agro-Konzernen wie Dinant (Honduras), Pellas (Nicaragua) oder<br \/>\nPantaleon\/Widmann (Guatemala) entscheiden z.B. auch die Vertreter der Bundesregierung bei der EU und als wichtiger Anteilseigner der Weltbank mit. Genauso wichtig wie die *Einmischung* in *finanzpolitische Entscheidungsstrukturen*, ist die *\u00f6ffentliche Thematisierung *solcher *Menschenrechtsverletzungen* sowie agrarpolitische Forderungen*, die sich an den Menschenrechten und einer nachhaltigen Entwicklung orientieren.<br \/>\nVeranstalter*: FIAN Freiburg, Wiwili &#8211; Verein zur F\u00f6rderung einer St\u00e4dtefreundschaft Freiburg-Wiwili e.V., ESG &#8212; Evangelische Studierende Gemeinde, Eine Welt Forum Freiburg e.V.<\/p>\n<p>Die Rundreise wird vom Nicaragua-Forum Heidelberg e.V. organisiert und von der Stiftung Umverteilen, Brot f\u00fcr die<br \/>\nWelt-Evangelischer Entwicklungsdienst, Gewerkschaft Nahrung Genuss Gastst\u00e4tten, Aktion Selbstbesteuerung und FIAN Deutschland\/FIAN International unterst\u00fctzt. Die Durchf\u00fchrung der Veranstaltung in Freiburg wird erm\u00f6glicht durch eine finanzielle F\u00f6rderung des Kath. Fonds und von Engagement Global aus Mitteln des BMZ.<br \/>\n3.5.2013, Eine Welt Forum Freiburg,\u00a0<a href=\"mailto:info@ewf-freiburg.de\">info@ewf-freiburg.de<\/a><\/p>\n","protected":false},"excerpt":{"rendered":"<p>Montag, 6. Mai, 19 Uhr, Caf\u00e9 Velo &#8211; Stadtbahnbr\u00fccke: Film &#8222;Schrei nach Land&#8220; und Vortrag mit Giorgio Trucchi, Regisseur des Films und Korrespondent der Nahrungsmittelgewerkschaft REL-UITA, Nicaragua: Monokultur, Massenproduktion, Agrosprit und Landvertreibung in Zentralamerika. Landkonflikte eskalieren &#8211; nicht nur in &hellip; <a href=\"https:\/\/www.freiburg-schwarzwald.de\/blog\/agroindustrie-schrei-nach-land\/\">Weiterlesen <span class=\"meta-nav\">&rarr;<\/span><\/a><\/p>\n","protected":false},"author":4,"featured_media":0,"comment_status":"open","ping_status":"closed","sticky":false,"template":"","format":"standard","meta":{"footnotes":""},"categories":[52,254,201],"tags":[27,360],"class_list":["post-28615","post","type-post","status-publish","format-standard","hentry","category-einewelt","category-gentechnik","category-landwirt","tag-ausland","tag-bio"],"_links":{"self":[{"href":"https:\/\/www.freiburg-schwarzwald.de\/blog\/wp-json\/wp\/v2\/posts\/28615","targetHints":{"allow":["GET"]}}],"collection":[{"href":"https:\/\/www.freiburg-schwarzwald.de\/blog\/wp-json\/wp\/v2\/posts"}],"about":[{"href":"https:\/\/www.freiburg-schwarzwald.de\/blog\/wp-json\/wp\/v2\/types\/post"}],"author":[{"embeddable":true,"href":"https:\/\/www.freiburg-schwarzwald.de\/blog\/wp-json\/wp\/v2\/users\/4"}],"replies":[{"embeddable":true,"href":"https:\/\/www.freiburg-schwarzwald.de\/blog\/wp-json\/wp\/v2\/comments?post=28615"}],"version-history":[{"count":0,"href":"https:\/\/www.freiburg-schwarzwald.de\/blog\/wp-json\/wp\/v2\/posts\/28615\/revisions"}],"wp:attachment":[{"href":"https:\/\/www.freiburg-schwarzwald.de\/blog\/wp-json\/wp\/v2\/media?parent=28615"}],"wp:term":[{"taxonomy":"category","embeddable":true,"href":"https:\/\/www.freiburg-schwarzwald.de\/blog\/wp-json\/wp\/v2\/categories?post=28615"},{"taxonomy":"post_tag","embeddable":true,"href":"https:\/\/www.freiburg-schwarzwald.de\/blog\/wp-json\/wp\/v2\/tags?post=28615"}],"curies":[{"name":"wp","href":"https:\/\/api.w.org\/{rel}","templated":true}]}}