{"id":28558,"date":"2013-05-02T16:35:30","date_gmt":"2013-05-02T14:35:30","guid":{"rendered":"https:\/\/www.freiburg-schwarzwald.de\/blog\/?p=28558"},"modified":"2013-05-02T16:37:45","modified_gmt":"2013-05-02T14:37:45","slug":"zimmerleute-energiesparen","status":"publish","type":"post","link":"https:\/\/www.freiburg-schwarzwald.de\/blog\/zimmerleute-energiesparen\/","title":{"rendered":"Zimmerleute &#8211; Energiesparen"},"content":{"rendered":"<p>Das Zimmermannshandwerk hat Dauerhochkonjunktur \u2013 vor allem weil der Staat Immobilienbesitzer zum <a title=\"Energiesparen\" href=\"https:\/\/www.freiburg-schwarzwald.de\/blog\/energie\/energiesparen\/\">Energiesparen<\/a> dr\u00e4ngt. Die Sanierungswelle ist f\u00fcr viele Betriebe zum Hauptumsatzbringer geworden. Bundesweit machen die <a title=\"Holzbau\" href=\"https:\/\/www.freiburg-schwarzwald.de\/blog\/business\/handwerk\/holzbau\/\">Zimmerer<\/a> etwa die H\u00e4lfte ihres Gesch\u00e4fts mit Arbeiten im Bestand. Entsprechende F\u00f6rderprogramme heizen die Nachfrage weiter an \u2013 ebenso die Furcht vor Inflation <!--more-->und das niedrige Zinsniveau. Investitionen in die eigenen vier W\u00e4nde liegen im Trend \u2013 zur Freude der Zimmereien und auch der Dachdeckerbetriebe&#8230;..<br \/>\nAlles von Holger Schindler vom 2.5.2013 bitte lesen auf<br \/>\n<a href=\"https:\/\/www.badische-zeitung.de\/wirtschaft-3\/zimmerleute-und-dachdecker-profitieren-von-energiespar-trend--71497221.html\">https:\/\/www.badische-zeitung.de\/wirtschaft-3\/zimmerleute-und-dachdecker-profitieren-von-energiespar-trend&#8211;71497221.html<\/a>\u00a0<br \/>\n\u00a0\u00a0\u00a0\u00a0<br \/>\n<strong>Bundeskongress des Zimmerer- und Dachdeckerhandwerks ab 2.5.2013 in Freiburg<br \/>\n<\/strong>Am Donnerstag, 2. Mai 2013, beginnt in Freiburg der Bundeskongress des Zimmerer- und Dachdeckerhandwerks. Zum Auftakt gibt es um 17 Uhr eine Kundgebung mit den Verbandschefs Ullrich Huth und Karl-Heinz Schneider auf dem Rathausplatz. Ein von Azubis gefertigtes Holzspielhaus wird in Anwesenheit von Oberb\u00fcrgermeister Dieter Salomon an einen Kindergarten \u00fcbergeben. Der Kongress wird am Freitag und am Samstag mit Vortr\u00e4gen und Diskussionen fortgesetzt.<\/p>\n","protected":false},"excerpt":{"rendered":"<p>Das Zimmermannshandwerk hat Dauerhochkonjunktur \u2013 vor allem weil der Staat Immobilienbesitzer zum Energiesparen dr\u00e4ngt. Die Sanierungswelle ist f\u00fcr viele Betriebe zum Hauptumsatzbringer geworden. Bundesweit machen die Zimmerer etwa die H\u00e4lfte ihres Gesch\u00e4fts mit Arbeiten im Bestand. Entsprechende F\u00f6rderprogramme heizen die &hellip; <a href=\"https:\/\/www.freiburg-schwarzwald.de\/blog\/zimmerleute-energiesparen\/\">Weiterlesen <span class=\"meta-nav\">&rarr;<\/span><\/a><\/p>\n","protected":false},"author":4,"featured_media":0,"comment_status":"open","ping_status":"closed","sticky":false,"template":"","format":"standard","meta":{"footnotes":""},"categories":[22],"tags":[538],"class_list":["post-28558","post","type-post","status-publish","format-standard","hentry","category-handwerk","tag-holz"],"_links":{"self":[{"href":"https:\/\/www.freiburg-schwarzwald.de\/blog\/wp-json\/wp\/v2\/posts\/28558","targetHints":{"allow":["GET"]}}],"collection":[{"href":"https:\/\/www.freiburg-schwarzwald.de\/blog\/wp-json\/wp\/v2\/posts"}],"about":[{"href":"https:\/\/www.freiburg-schwarzwald.de\/blog\/wp-json\/wp\/v2\/types\/post"}],"author":[{"embeddable":true,"href":"https:\/\/www.freiburg-schwarzwald.de\/blog\/wp-json\/wp\/v2\/users\/4"}],"replies":[{"embeddable":true,"href":"https:\/\/www.freiburg-schwarzwald.de\/blog\/wp-json\/wp\/v2\/comments?post=28558"}],"version-history":[{"count":0,"href":"https:\/\/www.freiburg-schwarzwald.de\/blog\/wp-json\/wp\/v2\/posts\/28558\/revisions"}],"wp:attachment":[{"href":"https:\/\/www.freiburg-schwarzwald.de\/blog\/wp-json\/wp\/v2\/media?parent=28558"}],"wp:term":[{"taxonomy":"category","embeddable":true,"href":"https:\/\/www.freiburg-schwarzwald.de\/blog\/wp-json\/wp\/v2\/categories?post=28558"},{"taxonomy":"post_tag","embeddable":true,"href":"https:\/\/www.freiburg-schwarzwald.de\/blog\/wp-json\/wp\/v2\/tags?post=28558"}],"curies":[{"name":"wp","href":"https:\/\/api.w.org\/{rel}","templated":true}]}}