{"id":28436,"date":"2013-04-25T12:19:21","date_gmt":"2013-04-25T10:19:21","guid":{"rendered":"https:\/\/www.freiburg-schwarzwald.de\/blog\/?p=28436"},"modified":"2013-05-01T16:36:27","modified_gmt":"2013-05-01T14:36:27","slug":"uhrenfreunde-muenstertal","status":"publish","type":"post","link":"https:\/\/www.freiburg-schwarzwald.de\/blog\/uhrenfreunde-muenstertal\/","title":{"rendered":"Uhrenfreunde Muenstertal"},"content":{"rendered":"<p>Der\u00a0Verein der Uhrenfreunde <a title=\"Muenstertal\" href=\"https:\/\/www.freiburg-schwarzwald.de\/blog\/regio\/orte\/muenstertal\/\">M\u00fcnstertal<\/a> (UFM) besteht seit 2005. Auf Mitglieds- und Vereinsebene k\u00f6nnen <a title=\"Cuckooclocks\" href=\"https:\/\/www.freiburg-schwarzwald.de\/blog\/business\/handwerk\/cuckooclocks\/\">alte mechanische Uhrenmodelle<\/a> jeder Art gebracht und repariert werden, es kann und gekauft werden. Mit einem bescheidenen Monatsmitgliedsbeitrag von 5 Euro kann aber auch jeder Passant und Kurgast seinem <a title=\"Hobby\" href=\"https:\/\/www.freiburg-schwarzwald.de\/blog\/kultur\/hobby\/\">Hobby<\/a> fr\u00f6nen oder sein &#8222;gutes St\u00fcck&#8220; zur Uhren-Inspektion bringen.<!--more--><\/p>\n<p>Am 1. Mai 2005 ist in M\u00fcnstertal zu den bis dahin vier Dutzend \u00f6rtlichen Vereinen ein neuer hinzu gekommen \u2013 der Verein der Uhrenfreunde M\u00fcnstertal (UFM). In der vormaligen Drogerie Riesterer im Ortsteil Neuh\u00e4user 10 hatte er sein erstes Domizil, drei Jahre sp\u00e4ter wechselte der Verein mit allen Exponaten und Unikaten ins &#8222;Baumhaus&#8220; Mulden 47, und weitere f\u00fcnf Jahre sp\u00e4ter, im November 2012, begann der Umzug in das f\u00fcnf Kilometer entfernte und endg\u00fcltige Domizil in die M\u00fcnsterhalde 4. Hier hatte der Vereinsvorstand, das Ehepaar Gerolf und Antje Menzel mit Tochter Denise, jetzt zu einem Tag der offenen T\u00fcr eingeladen. Der aufw\u00e4ndige Umzug mit \u00fcber tausend historischen Uhren aller Art und deren sachgerechte und wirkungsvolle Pr\u00e4sentation in den R\u00e4umen des historischen Bauernhauses hatte den ganzen Winter \u00fcber viel Zeit und Arbeitsaufwand beansprucht. M\u00f6glich war das nur, so Vereinsgr\u00fcnder Menzel, durch das tatkr\u00e4ftige Engagement mehrerer treuer Vereinsmitglieder aus dem ganzen s\u00fcdbadischen Raum.<\/p>\n<div>\n<div id=\"zoneAdserverMrec\">\n<div id=\"helperAdserverMrec\"><noscript><\/noscript><\/p>\n<div id=\"beacon_99be4a5060\"><img loading=\"lazy\" decoding=\"async\" src=\"https:\/\/w.online-verlag-freiburg.de\/www\/delivery\/lg.php?bannerid=881&amp;campaignid=400&amp;zoneid=125840&amp;loc=1&amp;referer=http%3A%2F%2Fwww.badische-zeitung.de%2Fmuenstertal%2Fim-gleichklang-ticken--71435849.html&amp;cb=99be4a5060\" alt=\"\" width=\"0\" height=\"0\" \/><a href=\"https:\/\/www.freiburg-schwarzwald.de\/blog\/uhrenfreunde-muenstertal\/uhrenfreunde-muenstertal130428\/\" rel=\"attachment wp-att-28444\"><img loading=\"lazy\" decoding=\"async\" class=\"alignnone size-thumbnail wp-image-28444\" title=\"uhrenfreunde-muenstertal130428\" src=\"https:\/\/www.freiburg-schwarzwald.de\/blog\/wp-content\/uploads\/2013\/04\/uhrenfreunde-muenstertal130428-180x123.jpg\" alt=\"\" width=\"180\" height=\"123\" srcset=\"https:\/\/www.freiburg-schwarzwald.de\/blog\/wp-content\/uploads\/2013\/04\/uhrenfreunde-muenstertal130428-180x123.jpg 180w, https:\/\/www.freiburg-schwarzwald.de\/blog\/wp-content\/uploads\/2013\/04\/uhrenfreunde-muenstertal130428.jpg 588w\" sizes=\"auto, (max-width: 180px) 100vw, 180px\" \/><\/a><\/div>\n<div>\n<p>Uhren der unterschiedlichsten Art und Herkunft \u2013 insgesamt \u00fcber tausend \u2013 haben im UFM-Vereinshaus in der M\u00fcnsterhalde 4 ein neues Zuhause gefunden. Foto:\u00a0Manfred\u00a0Lange<\/p>\n<\/div>\n<\/div>\n<\/div>\n<\/div>\n<p>Auf Mietbasis fand das Ehepaar Menzel in dem dreigeschossigen Wohngeb\u00e4ude nicht nur rund 80 Quadratmeter Ausstellungsfl\u00e4che im Erdgeschoss vor sondern auch eine ebenso gro\u00dfe private Wohnfl\u00e4che im Obergeschoss. Somit ideale Voraussetzungen f\u00fcr die UFM, die sich ganz dem Sammeln, Austauschen und Reparieren von historischen Uhren aller Art verschrieben haben. Uhren neueren Datums (nach der Mitte des 20. Jahrhunderts sowie Quarzuhren) geh\u00f6ren \u00fcbrigens nicht zum Sammelgut des Vereins.<br \/>\nIns M\u00fcnstertal gelangt waren die Menzels aus Heidelberg, nachdem sie \u00fcber 30 Jahre lang hier Urlaub gemacht und dann festgestellt hatten: Hier wollen wir unseren Lebensabend verbringen. Begonnen hat Gerolf Menzel mit dem Sammeln von Taschenuhren, doch mit der Vereinsgr\u00fcndung erweiterte sich das Spektrum ganz schnell auf nahezu alle Bereiche der mechanischen Uhren vor allem aus dem Zeitraum von der Mitte des 18. bis in die Mitte des 20. Jahrhunderts. Heute reicht Menzels Uhrensortiment von den Armband- und Taschenuhren \u00fcber die Kamin- und Kuckucksuhren bis zu den repr\u00e4sentativen Wand- und Standuhren aus englischen und franz\u00f6sischen Kunstwerkst\u00e4tten. Nahezu alle Uhren \u2013 egal aus welcher Zeitepoche \u2013 sind funktionsgerecht oder werden durch fachkundige Vereinsmitglieder in funktionst\u00fcchtigen Zustand versetzt.<br \/>\nHeute geh\u00f6ren dem Verein der UFM 36 Mitglieder an (meist selbst Sammler) aus Deutschland, Frankreich, Holland, D\u00e4nemark, Polen und der Schweiz \u2013 darunter sind drei gelernte Uhrmacher im Ruhestand, auf die Gerolf Menzel besonders stolz ist. &#8222;Wir sind eine private Initiative von Gleichgesinnten, die gewisserma\u00dfen im Gleichklang ticken&#8220;, sagt der 64-J\u00e4hrige, der seinen erlernten Beruf als Speditionskaufmann aus gesundheitlichen Gr\u00fcnden vorzeitig aufgeben musste und sein Hobby nun zur Altersbesch\u00e4ftigung gemacht hat.<br \/>\nManfred Lange, 25.4.2013<\/p>\n<p>UFM &#8211; Uhrenfreunde M\u00fcnstertal<br \/>\nM\u00fcnsterhalde 4, M\u00fcnstertal, Tel 07636-788173<br \/>\n<a href=\"https:\/\/www.youtube.com\/watch?v=DzLC6nfcbUE\">https:\/\/www.youtube.com\/watch?v=DzLC6nfcbUE<\/a>\u00a0<br \/>\nUhrenstube\u00a0ge\u00f6ffnet werkt\u00e4glich von 9 bis 15 Uhr und sonntags nach telefonischer Vereinbarung.\u00a0<br \/>\nAnfahrt: Beim Rathaus M\u00fcnstertal rechts ab auf der L 130 zirka 5 Kilometer bis zum Ortsteil M\u00fcnsterhalden,<br \/>\ndort erste Abzweigung links bis zum Haus M\u00fcnsterhalde\u00a0Nr. 4.<\/p>\n","protected":false},"excerpt":{"rendered":"<p>Der\u00a0Verein der Uhrenfreunde M\u00fcnstertal (UFM) besteht seit 2005. Auf Mitglieds- und Vereinsebene k\u00f6nnen alte mechanische Uhrenmodelle jeder Art gebracht und repariert werden, es kann und gekauft werden. Mit einem bescheidenen Monatsmitgliedsbeitrag von 5 Euro kann aber auch jeder Passant und &hellip; <a href=\"https:\/\/www.freiburg-schwarzwald.de\/blog\/uhrenfreunde-muenstertal\/\">Weiterlesen <span class=\"meta-nav\">&rarr;<\/span><\/a><\/p>\n","protected":false},"author":4,"featured_media":0,"comment_status":"open","ping_status":"closed","sticky":false,"template":"","format":"standard","meta":{"footnotes":""},"categories":[22],"tags":[344,536],"class_list":["post-28436","post","type-post","status-publish","format-standard","hentry","category-handwerk","tag-hobby","tag-uhren"],"_links":{"self":[{"href":"https:\/\/www.freiburg-schwarzwald.de\/blog\/wp-json\/wp\/v2\/posts\/28436","targetHints":{"allow":["GET"]}}],"collection":[{"href":"https:\/\/www.freiburg-schwarzwald.de\/blog\/wp-json\/wp\/v2\/posts"}],"about":[{"href":"https:\/\/www.freiburg-schwarzwald.de\/blog\/wp-json\/wp\/v2\/types\/post"}],"author":[{"embeddable":true,"href":"https:\/\/www.freiburg-schwarzwald.de\/blog\/wp-json\/wp\/v2\/users\/4"}],"replies":[{"embeddable":true,"href":"https:\/\/www.freiburg-schwarzwald.de\/blog\/wp-json\/wp\/v2\/comments?post=28436"}],"version-history":[{"count":0,"href":"https:\/\/www.freiburg-schwarzwald.de\/blog\/wp-json\/wp\/v2\/posts\/28436\/revisions"}],"wp:attachment":[{"href":"https:\/\/www.freiburg-schwarzwald.de\/blog\/wp-json\/wp\/v2\/media?parent=28436"}],"wp:term":[{"taxonomy":"category","embeddable":true,"href":"https:\/\/www.freiburg-schwarzwald.de\/blog\/wp-json\/wp\/v2\/categories?post=28436"},{"taxonomy":"post_tag","embeddable":true,"href":"https:\/\/www.freiburg-schwarzwald.de\/blog\/wp-json\/wp\/v2\/tags?post=28436"}],"curies":[{"name":"wp","href":"https:\/\/api.w.org\/{rel}","templated":true}]}}