{"id":28023,"date":"2013-04-27T13:19:31","date_gmt":"2013-04-27T11:19:31","guid":{"rendered":"https:\/\/www.freiburg-schwarzwald.de\/blog\/?p=28023"},"modified":"2013-04-27T13:44:10","modified_gmt":"2013-04-27T11:44:10","slug":"franziskus-hochschulgemeinde","status":"publish","type":"post","link":"https:\/\/www.freiburg-schwarzwald.de\/blog\/franziskus-hochschulgemeinde\/","title":{"rendered":"Franziskus Hochschulgemeinde"},"content":{"rendered":"<p><!-- RSPEAK_STOP --><!-- RSPEAK_START -->Podiumsgespr\u00e4ch in der <a title=\"Littenweiler-Studenten\" href=\"https:\/\/www.freiburg-schwarzwald.de\/blog\/regio\/freiburg\/littenweiler\/littenweiler-studenten\/\">Thomas-Morus-Burse<\/a>\u00a0beleuchtet das noch junge Pontifikat Franziskus\u2019. &#8222;<a title=\"Papst\" href=\"https:\/\/www.freiburg-schwarzwald.de\/blog\/religion\/katholisch\/papst\/\">Papst Franziskus <\/a>wird noch f\u00fcr viele \u00dcberraschungen sorgen&#8220; \u2013 so die Einsch\u00e4tzung von J\u00fcrgen Erbacher, Journalist und Vatikan-Experte des ZDF, bei einem Podiumsgespr\u00e4ch im Studentenwohnheim Thomas-Morus-Burse. Eingeladen hatte die <a title=\"Katholisch\" href=\"https:\/\/www.freiburg-schwarzwald.de\/blog\/religion\/katholisch\/\">katholische<\/a> Hochschulgemeinde Littenweiler, gekommen waren rund 120 meist junge Leute. <!--more-->Erbacher, der sein Studium 1992 in Freiburg begonnen und damals selbst in der &#8222;Burse&#8220; gewohnt hatte, berichtete von einem neuen, kollegialen Leitungsstil: &#8222;Franziskus versucht schon jetzt, andere Bisch\u00f6fe und Kardin\u00e4le fr\u00fchzeitig ins Boot zu holen&#8220;, meinte der Vatikan-Kenner. Seine Bescheidenheit habe auch auf andere hochrangige Kurienmitarbeiter Auswirkungen: &#8222;Wenn der Papst auf seine Limousine verzichtet, kann auch der Kardinalstaatssekret\u00e4r nicht im Mercedes vorfahren&#8220;, nannte er ein Beispiel. Michael Kuhnert, fr\u00fcherer Argentinien-Experte beim bisch\u00f6flichen Hilfswerk Adveniat, vermutet, dass die Meinung der Ortskirchen zuk\u00fcnftig st\u00e4rker geh\u00f6rt wird \u2013 etwa bei der Wahl neuer Bisch\u00f6fe: &#8222;Ich wei\u00df, dass sich Kardinal Bergoglio fr\u00fcher \u00fcber manche Bischofsernennungen aufgeregt hat, mit seiner Kritik aber in Rom abgeblitzt ist&#8220;, betonte er. Als Papst Franziskus lebe Bergoglio seinen vom Einsatz f\u00fcr die Armen gepr\u00e4gten Stil auch im neuen Amt weiter. Sozialethische Themen und die Frage nach der Bewahrung der Sch\u00f6pfung seien f\u00fcr ihn von gro\u00dfer Bedeutung. Welche Positionen das neue Kirchenoberhaupt zu &#8222;hei\u00dfen Eisen&#8220; wie Pflichtz\u00f6libat und Zulassung von Frauen zu Weihe\u00e4mtern beziehen wird, blieb an diesem Abend offen: &#8222;Das sind sicherlich keine Fragen, die f\u00fcr ihn im Brennpunkt stehen&#8220;, meinte Pater Martin Maier.<br \/>\nDer lange in S\u00fcdamerika t\u00e4tige Jesuit war nach eigenem Bekunden \u00fcberrascht, dass mit Bergoglio ein Mitglied seines Ordens zum Papst gew\u00e4hlt wurde: Jesuiten legen ein Gel\u00fcbde ab, das es ihnen verbietet, hohe \u00c4mter anzustreben. Maier wies weiterhin darauf hin, dass Papst Franziskus aufgrund seines lateinamerikanischen Hintergrunds einen besonderen Blickwinkel habe: &#8222;Vorrangiges Anliegen ist f\u00fcr ihn, wie sich die Botschaft Jesu glaubhaft verbreiten und leben l\u00e4sst&#8220;, sagte der aus Messkirch stammende Priester. Andere Aspekte \u2013 etwa des Kirchenrechts \u2013 tr\u00e4ten eher in den Hintergrund. Aufgrund dieser Akzentverschiebung sei es vorstellbar, dass das neue Kirchenoberhaupt auch in Sachen Gemeindeleitung neue Wege geht. Die Unmittelbarkeit, mit der Papst Franziskus anderen Menschen begegnet, ist f\u00fcr die Freiburger Theologin Dorothee Breyer ein wesentliches Merkmal. Als Franziskanerin habe sie sich \u00fcber seine Namenswahl, die auf einen schlichten Lebensstil hindeute, gefreut. &#8222;Der Verzicht auf materielle Dinge erm\u00f6glicht es, Ber\u00fchrungs\u00e4ngste abzubauen und Menschen am Rande der Gesellschaft leichter zu begegnen&#8220;, meinte die Ordensfrau.<br \/>\n27.4.2013, Andreas Braun<!-- RSPEAK_STOP --><\/p>\n","protected":false},"excerpt":{"rendered":"<p>Podiumsgespr\u00e4ch in der Thomas-Morus-Burse\u00a0beleuchtet das noch junge Pontifikat Franziskus\u2019. &#8222;Papst Franziskus wird noch f\u00fcr viele \u00dcberraschungen sorgen&#8220; \u2013 so die Einsch\u00e4tzung von J\u00fcrgen Erbacher, Journalist und Vatikan-Experte des ZDF, bei einem Podiumsgespr\u00e4ch im Studentenwohnheim Thomas-Morus-Burse. Eingeladen hatte die katholische Hochschulgemeinde &hellip; <a href=\"https:\/\/www.freiburg-schwarzwald.de\/blog\/franziskus-hochschulgemeinde\/\">Weiterlesen <span class=\"meta-nav\">&rarr;<\/span><\/a><\/p>\n","protected":false},"author":4,"featured_media":0,"comment_status":"open","ping_status":"closed","sticky":false,"template":"","format":"standard","meta":{"footnotes":""},"categories":[261],"tags":[503,320,29],"class_list":["post-28023","post","type-post","status-publish","format-standard","hentry","category-katholisch","tag-church","tag-papst","tag-student"],"_links":{"self":[{"href":"https:\/\/www.freiburg-schwarzwald.de\/blog\/wp-json\/wp\/v2\/posts\/28023","targetHints":{"allow":["GET"]}}],"collection":[{"href":"https:\/\/www.freiburg-schwarzwald.de\/blog\/wp-json\/wp\/v2\/posts"}],"about":[{"href":"https:\/\/www.freiburg-schwarzwald.de\/blog\/wp-json\/wp\/v2\/types\/post"}],"author":[{"embeddable":true,"href":"https:\/\/www.freiburg-schwarzwald.de\/blog\/wp-json\/wp\/v2\/users\/4"}],"replies":[{"embeddable":true,"href":"https:\/\/www.freiburg-schwarzwald.de\/blog\/wp-json\/wp\/v2\/comments?post=28023"}],"version-history":[{"count":0,"href":"https:\/\/www.freiburg-schwarzwald.de\/blog\/wp-json\/wp\/v2\/posts\/28023\/revisions"}],"wp:attachment":[{"href":"https:\/\/www.freiburg-schwarzwald.de\/blog\/wp-json\/wp\/v2\/media?parent=28023"}],"wp:term":[{"taxonomy":"category","embeddable":true,"href":"https:\/\/www.freiburg-schwarzwald.de\/blog\/wp-json\/wp\/v2\/categories?post=28023"},{"taxonomy":"post_tag","embeddable":true,"href":"https:\/\/www.freiburg-schwarzwald.de\/blog\/wp-json\/wp\/v2\/tags?post=28023"}],"curies":[{"name":"wp","href":"https:\/\/api.w.org\/{rel}","templated":true}]}}