{"id":27974,"date":"2013-04-26T18:43:29","date_gmt":"2013-04-26T16:43:29","guid":{"rendered":"https:\/\/www.freiburg-schwarzwald.de\/blog\/?p=27974"},"modified":"2013-04-26T18:45:10","modified_gmt":"2013-04-26T16:45:10","slug":"offene-gaertnerei-schweizer","status":"publish","type":"post","link":"https:\/\/www.freiburg-schwarzwald.de\/blog\/offene-gaertnerei-schweizer\/","title":{"rendered":"Offene Gaertnerei &#8211; Schweizer"},"content":{"rendered":"<p>Am Sonntag, dem 28. April, von 11.00 bis 17.00 Uhr, l\u00e4dt die <a title=\"Gaertnerei\" href=\"https:\/\/www.freiburg-schwarzwald.de\/blog\/natur\/landwirt\/gaertnerei\/\">G\u00e4rtnerei<\/a> Schweizer, Flaunserstra\u00dfe 8 in Kirchzarten-Zarten zum Tag der Offenen G\u00e4rtnerei ein. Am \u201eTag der Offenen G\u00e4rtnerei\u201c beteiligen sich bundesweit zahlreiche G\u00e4rtnereien, erstmals ist auch Blumen Schweizer mit dabei. Erika Schweizer und ihr Team stellen das vielf\u00e4ltige Angebot an Beet- und Balkonpflanzen aus eigener Produktion vor <!--more-->und m\u00f6chten besonders Kunden ansprechen, welche \u201edie etwas andere G\u00e4rtnerei\u201c in Zarten noch nicht kennen. F\u00fcr die kleinen Besucher wird es eine Bastelaktion geben, bei der sie einen Blumentopf mit Kr\u00e4utern bepflanzen und bunt dekorieren d\u00fcrfen. Das Jugendorchester des Musikvereins Wittental sorgt f\u00fcr die Bewirtung, der Erl\u00f6s geht zugunsten des Jugendorchesters, das um 14.00 Uhr ein St\u00e4nderle spielen wird. Au\u00dferdem gibt es eine \u201eErde-Test-Aktion\u201c, bei der jeder Kunde kostenlos einen Sack hochwertiger Pflanzenerde und einen Fragebogen erh\u00e4lt um ihn zuhause zu testen. Alle Frageb\u00f6gen, die sp\u00e4ter bei der G\u00e4rtnerei Schweizer wieder abgegeben werden, nehmen an einer Verlosungsaktion teil, bei der als Dankesch\u00f6n f\u00fcr die Mitarbeit Blumenpr\u00e4sente winken.<\/p>\n<p><a href=\"https:\/\/www.freiburg-schwarzwald.de\/blog\/offene-gaertnerei-schweizer\/schweizer-gaertnerei130425\/\" rel=\"attachment wp-att-27975\"><img loading=\"lazy\" decoding=\"async\" class=\"alignnone size-thumbnail wp-image-27975\" title=\"schweizer-gaertnerei130425\" src=\"https:\/\/www.freiburg-schwarzwald.de\/blog\/wp-content\/uploads\/2013\/04\/schweizer-gaertnerei130425-180x120.jpg\" alt=\"\" width=\"180\" height=\"120\" srcset=\"https:\/\/www.freiburg-schwarzwald.de\/blog\/wp-content\/uploads\/2013\/04\/schweizer-gaertnerei130425-180x120.jpg 180w, https:\/\/www.freiburg-schwarzwald.de\/blog\/wp-content\/uploads\/2013\/04\/schweizer-gaertnerei130425.jpg 640w\" sizes=\"auto, (max-width: 180px) 100vw, 180px\" \/><\/a><\/p>\n<p>Flei\u00dfig bereitet Erika Schweizer schon alles vor f\u00fcr den Tag der offenen G\u00e4rtnerei am kommenden Sonntag. <em>Foto: Gisela Heizler-Ries<\/em><\/p>\n<p>Au\u00dferdem wird der Kurs \u201eG\u00e4rtnern auch ohne Garten\u201c vorgestellt, die am 8. Mai, von 14.00 \u2013 17.00 Uhr bei Blumen Schweizer stattfinden wird. Hier k\u00f6nnen Pflanzenliebhaber, die keinen eigenen Garten haben, verschiedene M\u00f6glichkeiten kennen lernen, wie man Blumen, Gem\u00fcse, Salate, Kr\u00e4uter, Pilze oder Erdbeeren auf kleinstem Raum anbauen kann, z.B. auf Fenstern, Balkonen oder Terrassen sowie auf Garagend\u00e4chern, an W\u00e4nden oder Carports. Einfache Variationen werden gemeinsam gebaut und bepflanzt. Der Kurs ist geeignet f\u00fcr Erwachsene bzw. Familien. N\u00e4here Infos beim Tag der Offenen G\u00e4rtnerei und bei der Kursleiterin Jutta Schulz, Tel.: 0761 \/ 767 93 78. Die Kursgeb\u00fchr betr\u00e4gt 20.- Euro f\u00fcr Erwachsene, 30.- Euro f\u00fcr Paare, 10.- Euro f\u00fcr Jugendliche, zzgl. Material nach Verbrauch. Anmeldung erforderlich bis 4. Mai 2013.<br \/>\n26.4.2013, Gisela Heizler-Ries, <a href=\"https:\/\/www.dreisamtaeler.de\">www.dreisamtaeler.de<\/a><\/p>\n<p>&nbsp;<\/p>\n","protected":false},"excerpt":{"rendered":"<p>Am Sonntag, dem 28. April, von 11.00 bis 17.00 Uhr, l\u00e4dt die G\u00e4rtnerei Schweizer, Flaunserstra\u00dfe 8 in Kirchzarten-Zarten zum Tag der Offenen G\u00e4rtnerei ein. Am \u201eTag der Offenen G\u00e4rtnerei\u201c beteiligen sich bundesweit zahlreiche G\u00e4rtnereien, erstmals ist auch Blumen Schweizer mit &hellip; <a href=\"https:\/\/www.freiburg-schwarzwald.de\/blog\/offene-gaertnerei-schweizer\/\">Weiterlesen <span class=\"meta-nav\">&rarr;<\/span><\/a><\/p>\n","protected":false},"author":4,"featured_media":0,"comment_status":"open","ping_status":"closed","sticky":false,"template":"","format":"standard","meta":{"footnotes":""},"categories":[1],"tags":[],"class_list":["post-27974","post","type-post","status-publish","format-standard","hentry","category-allgemein"],"_links":{"self":[{"href":"https:\/\/www.freiburg-schwarzwald.de\/blog\/wp-json\/wp\/v2\/posts\/27974","targetHints":{"allow":["GET"]}}],"collection":[{"href":"https:\/\/www.freiburg-schwarzwald.de\/blog\/wp-json\/wp\/v2\/posts"}],"about":[{"href":"https:\/\/www.freiburg-schwarzwald.de\/blog\/wp-json\/wp\/v2\/types\/post"}],"author":[{"embeddable":true,"href":"https:\/\/www.freiburg-schwarzwald.de\/blog\/wp-json\/wp\/v2\/users\/4"}],"replies":[{"embeddable":true,"href":"https:\/\/www.freiburg-schwarzwald.de\/blog\/wp-json\/wp\/v2\/comments?post=27974"}],"version-history":[{"count":0,"href":"https:\/\/www.freiburg-schwarzwald.de\/blog\/wp-json\/wp\/v2\/posts\/27974\/revisions"}],"wp:attachment":[{"href":"https:\/\/www.freiburg-schwarzwald.de\/blog\/wp-json\/wp\/v2\/media?parent=27974"}],"wp:term":[{"taxonomy":"category","embeddable":true,"href":"https:\/\/www.freiburg-schwarzwald.de\/blog\/wp-json\/wp\/v2\/categories?post=27974"},{"taxonomy":"post_tag","embeddable":true,"href":"https:\/\/www.freiburg-schwarzwald.de\/blog\/wp-json\/wp\/v2\/tags?post=27974"}],"curies":[{"name":"wp","href":"https:\/\/api.w.org\/{rel}","templated":true}]}}