{"id":27968,"date":"2013-04-26T18:34:00","date_gmt":"2013-04-26T16:34:00","guid":{"rendered":"https:\/\/www.freiburg-schwarzwald.de\/blog\/?p=27968"},"modified":"2013-04-26T18:37:26","modified_gmt":"2013-04-26T16:37:26","slug":"festkonzerte-900-jahre-ebnet","status":"publish","type":"post","link":"https:\/\/www.freiburg-schwarzwald.de\/blog\/festkonzerte-900-jahre-ebnet\/","title":{"rendered":"Festkonzerte 900 Jahre Ebnet"},"content":{"rendered":"<p>Zwei gro\u00dfe Festkonzerte zum <a title=\"Ebnet\" href=\"https:\/\/www.freiburg-schwarzwald.de\/blog\/regio\/freiburg\/ebnet\/\">900-j\u00e4hrigen Jubil\u00e4um Ebnets<\/a>\u00a0Samstag 27. und Sonntag 28.4.2013 jewiels um 19.30 Uhr Dreisamhalle Ebnet. \u201eDer Gesangverein Ebnet leistet seit seiner Gr\u00fcndung im Jahr 1910 einen wesentlichen Beitrag zum kulturellen Leben in Ebnet und der ganzen Stadt\u201c, so Orstvorsteher Bernhard S\u00e4nger und nun, zum 900-j\u00e4hrigen Bestehen des Freiburger Ortsteils finden am kommenden Wochenende <!--more-->zwei gro\u00dfe Festkonzerte gemeinsam mit den M\u00e4nnergesangvereinen Buchenbach, Kappel, Kirchzarten, Oberried, St. Peter sowie den gemischten Ch\u00f6ren Zarten, Littenweiler, dem Kirchenchor Ebnet und dem Orchester der Jugendmusikschule Dreisamtal statt. \u00dcber 260 S\u00e4ngerinnen, S\u00e4nger und Musikerinnen und Musiker nehmen an diesem gewaltigen Projekt teil.<\/p>\n<p>&nbsp;<\/p>\n<p>&nbsp;<\/p>\n<p><a href=\"https:\/\/www.freiburg-schwarzwald.de\/blog\/festkonzerte-900-jahre-ebnet\/ebnet-orchester130425\/\" rel=\"attachment wp-att-27970\"><img loading=\"lazy\" decoding=\"async\" class=\"alignnone size-thumbnail wp-image-27970\" title=\"ebnet-orchester130425\" src=\"https:\/\/www.freiburg-schwarzwald.de\/blog\/wp-content\/uploads\/2013\/04\/ebnet-orchester130425-180x120.jpg\" alt=\"\" width=\"180\" height=\"120\" srcset=\"https:\/\/www.freiburg-schwarzwald.de\/blog\/wp-content\/uploads\/2013\/04\/ebnet-orchester130425-180x120.jpg 180w, https:\/\/www.freiburg-schwarzwald.de\/blog\/wp-content\/uploads\/2013\/04\/ebnet-orchester130425.jpg 640w\" sizes=\"auto, (max-width: 180px) 100vw, 180px\" \/><\/a>\u00a0\u00a0\u00a0\u00a0\u00a0\u00a0\u00a0\u00a0\u00a0 <a href=\"https:\/\/www.freiburg-schwarzwald.de\/blog\/festkonzerte-900-jahre-ebnet\/pacher-rainer130425\/\" rel=\"attachment wp-att-27971\"><img loading=\"lazy\" decoding=\"async\" class=\"alignnone size-thumbnail wp-image-27971\" title=\"pacher-rainer130425\" src=\"https:\/\/www.freiburg-schwarzwald.de\/blog\/wp-content\/uploads\/2013\/04\/pacher-rainer130425-147x180.jpg\" alt=\"\" width=\"147\" height=\"180\" srcset=\"https:\/\/www.freiburg-schwarzwald.de\/blog\/wp-content\/uploads\/2013\/04\/pacher-rainer130425-147x180.jpg 147w, https:\/\/www.freiburg-schwarzwald.de\/blog\/wp-content\/uploads\/2013\/04\/pacher-rainer130425.jpg 526w\" sizes=\"auto, (max-width: 147px) 100vw, 147px\" \/><\/a>\u00a0\u00a0\u00a0\u00a0\u00a0<br \/>\n(1) Orchester Ebnet\u00a0\u00a0\u00a0\u00a0\u00a0\u00a0\u00a0\u00a0\u00a0\u00a0\u00a0\u00a0\u00a0\u00a0\u00a0\u00a0\u00a0\u00a0\u00a0\u00a0\u00a0\u00a0\u00a0\u00a0\u00a0\u00a0\u00a0\u00a0\u00a0\u00a0\u00a0\u00a0\u00a0\u00a0 (2) Rainer Pacher\u00a0\u00a0\u00a0\u00a0\u00a0\u00a0\u00a0\u00a0\u00a0\u00a0\u00a0\u00a0\u00a0\u00a0\u00a0\u00a0\u00a0\u00a0\u00a0\u00a0\u00a0\u00a0\u00a0\u00a0\u00a0\u00a0\u00a0 \u00a0\u00a0\u00a0\u00a0\u00a0\u00a0\u00a0\u00a0\u00a0\u00a0 Bilder: Gisela Heizler-Ries<\/p>\n<p>Gisela Heizler-Ries hat den bekannten Musikp\u00e4dagogen und Chorleiter des GV Ebnet, Rainer Pachner, zu den Vorbereitungen, den Musikst\u00fccken und seiner Motivation befragt.<br \/>\nGisela Heizler-Ries (hr.): <em>Herr Pachner, wie kam es zu diesem ungew\u00f6hnlichen Projekt<br \/>\n<\/em>Rainer Pachner: Dem Gesangverein Ebnet war von Anfang an klar, dass wir zum 900-j\u00e4hrigen Jubil\u00e4um etwas ganz Besonderes beitragen wollten und da man zu einem Geburtstag ja gerne G\u00e4ste einl\u00e4dt, haben wir diese Idee aufgegriffen und Nachbar-Ch\u00f6re aus dem Dreisamtal eingeladen. Besonders gefreut hat uns, dass alle, die wir angeschrieben haben, auch gerne zugesagt haben. Ein herzliches Dankesch\u00f6n auch an die Jugendmusikschule Dreisamtal, die extra f\u00fcr dieses Festkonzert ein Projektorchester aus Eltern, Lehrern und Sch\u00fclern gegr\u00fcndet hat.<\/p>\n<p>hr.: <em>Aufgef\u00fchrt werden Freimaurerkantaten von Mozart und Ch\u00f6re aus \u201eDie Sch\u00f6pfung\u201c von Hayd. Wieso haben Sie gerade diese Werke gew\u00e4hlt?<br \/>\n<\/em>Rainer Pachner: Zwischen Ebnet und Wolfgang Amadeus Mozart besteht ja bekannterma\u00dfen eine besondere Verbindung. Die Eltern von Mozarts Frau Constanze, Franz Fridolin Weber und Maria C\u00e4cilia Cordula Stamm, wurden 1756 in der Kirche St. Hilarius in Ebnet kirchlich getraut. Da lag es nahe, seine Werke zu w\u00e4hlen. Mozart war selbst Mitglied der Wiener Freimaurerloge und fasziniert von den Idealen der praktizierenden Humanit\u00e4t und Toleranz. Joseph Haydn war Mozarts kongenialer Zeitgenosse und Freund. Sein Oratorium \u201eDie Sch\u00f6pfung\u201c ist bis heute in der gesamten musikalischen Welt beliebt, sein Erfolg ungebrochen. Daher haben wir Werke dieser beiden gro\u00dfen Komponisten ausgesucht.<br \/>\nhr.: <em>\u00dcber 260 S\u00e4ngerinnen, S\u00e4nger und Musiker stehen beim Festkonzert auf der B\u00fchne. Wie darf man sich die Vorbereitung auf dieses gro\u00dfe Ereignis vorstellen.<br \/>\n<\/em>Rainer Pachner: Die Vorbereitungen laufen bereits seit \u00fcber einem Jahr. Zun\u00e4chst haben alle Ch\u00f6re das Projekt f\u00fcr sich alleine vorbereitet. Erst zuletzt liefen gemeinsame Proben. Das ging nat\u00fcrlich nur mit allergr\u00f6\u00dftem Engagement jedes Einzelnen. Es war erfreulich, dass sich alle Vereine offen f\u00fcr Neues gezeigt haben. Ohne Vereinsmeierei, ohne an ihren Traditionen zu kleben. Und ich bin mir sicher, dass die Vereine dabei die Erfahrung machen konnten, dass diese Offenheit neue Synergien ausl\u00f6sen kann, neue Motivation f\u00fcr jeden Einzelnen. Au\u00dferdem ist es erfreulich, dass Jung und Alt gemeinsam dieses Projekt gestalten \u2013 von der 12-j\u00e4hrigen Geigerin Sophie bis zu Otmar Hauser, der gerade seinen 80. Geburtstag gefeiert hat. Alle sind mit gro\u00dfem Elan und Engagement dabei und freuen sich auf die beiden Auff\u00fchrungen.<br \/>\n<strong>hr.:<\/strong> <em>Herr Pachner, Sie haben schon einige gro\u00dfe Konzertprojekte geleitet, was treibt Sie an?<br \/>\n<\/em>Rainer Pachner: Singen ist der Schl\u00fcssel zum Gl\u00fcck! Das Singen in Gemeinschaft bietet sinnerf\u00fcllte Lebensgestaltung, ein Gemeinschaftserlebnis, von dem jeder Einzelne, Jung und Alt profitieren kann. Doch leider wird es in unserer heutigen Zeit immer schwieriger, die Menschen f\u00fcr das Vereinsleben zu begeistern. Durch unkonventionelle Arbeitsweisen und Projekte kann man Menschen begeistern und motivieren. Das Ergebnis k\u00f6nnen Sie bei unseren Festkonzerten erleben und h\u00f6ren . . .<br \/>\n<strong>hr.:<\/strong> <em>Herr Pachner, vielen Dank f\u00fcr das Gespr\u00e4ch<br \/>\n<\/em>26.4.2013, Gisela Heizler-Ries, <a href=\"https:\/\/www.dreisamtaeler.de\">www.dreisamtaeler.de<\/a><\/p>\n<p>Die Konzerte finden am Samstag, dem 27. und Sonntag, 28. April 2013, jeweils um 19.30 Uhr in der Dreisamhalle in Ebnet statt. Eintrittskarten zum Preis von 10.- Euro sind im Vorverkauf bei Elektro L\u00f6ffler und bei der G\u00e4rtnerei Heckmann in Littenweiler, im Fris\u00f6rsalon Joos in Ebnet und bei den S\u00e4ngerinnen und S\u00e4ngern erh\u00e4ltlich sowie an der Abendkasse zum Preis von 12.- Euro.<\/p>\n","protected":false},"excerpt":{"rendered":"<p>Zwei gro\u00dfe Festkonzerte zum 900-j\u00e4hrigen Jubil\u00e4um Ebnets\u00a0Samstag 27. und Sonntag 28.4.2013 jewiels um 19.30 Uhr Dreisamhalle Ebnet. \u201eDer Gesangverein Ebnet leistet seit seiner Gr\u00fcndung im Jahr 1910 einen wesentlichen Beitrag zum kulturellen Leben in Ebnet und der ganzen Stadt\u201c, so &hellip; <a href=\"https:\/\/www.freiburg-schwarzwald.de\/blog\/festkonzerte-900-jahre-ebnet\/\">Weiterlesen <span class=\"meta-nav\">&rarr;<\/span><\/a><\/p>\n","protected":false},"author":4,"featured_media":0,"comment_status":"open","ping_status":"closed","sticky":false,"template":"","format":"standard","meta":{"footnotes":""},"categories":[1],"tags":[329,398],"class_list":["post-27968","post","type-post","status-publish","format-standard","hentry","category-allgemein","tag-jubilaeum","tag-konzert"],"_links":{"self":[{"href":"https:\/\/www.freiburg-schwarzwald.de\/blog\/wp-json\/wp\/v2\/posts\/27968","targetHints":{"allow":["GET"]}}],"collection":[{"href":"https:\/\/www.freiburg-schwarzwald.de\/blog\/wp-json\/wp\/v2\/posts"}],"about":[{"href":"https:\/\/www.freiburg-schwarzwald.de\/blog\/wp-json\/wp\/v2\/types\/post"}],"author":[{"embeddable":true,"href":"https:\/\/www.freiburg-schwarzwald.de\/blog\/wp-json\/wp\/v2\/users\/4"}],"replies":[{"embeddable":true,"href":"https:\/\/www.freiburg-schwarzwald.de\/blog\/wp-json\/wp\/v2\/comments?post=27968"}],"version-history":[{"count":0,"href":"https:\/\/www.freiburg-schwarzwald.de\/blog\/wp-json\/wp\/v2\/posts\/27968\/revisions"}],"wp:attachment":[{"href":"https:\/\/www.freiburg-schwarzwald.de\/blog\/wp-json\/wp\/v2\/media?parent=27968"}],"wp:term":[{"taxonomy":"category","embeddable":true,"href":"https:\/\/www.freiburg-schwarzwald.de\/blog\/wp-json\/wp\/v2\/categories?post=27968"},{"taxonomy":"post_tag","embeddable":true,"href":"https:\/\/www.freiburg-schwarzwald.de\/blog\/wp-json\/wp\/v2\/tags?post=27968"}],"curies":[{"name":"wp","href":"https:\/\/api.w.org\/{rel}","templated":true}]}}