{"id":27927,"date":"2013-04-26T10:44:21","date_gmt":"2013-04-26T08:44:21","guid":{"rendered":"https:\/\/www.freiburg-schwarzwald.de\/blog\/?p=27927"},"modified":"2013-04-26T10:45:42","modified_gmt":"2013-04-26T08:45:42","slug":"kirchzarten-mtb-talvogtei-kinder","status":"publish","type":"post","link":"https:\/\/www.freiburg-schwarzwald.de\/blog\/kirchzarten-mtb-talvogtei-kinder\/","title":{"rendered":"Kirchzarten MTB Talvogtei Kinder"},"content":{"rendered":"<p id=\"docs-internal-guid-4d80b502-457b-532a-a4a5-ba6ed66f943a\" dir=\"ltr\">Dorf aktuell: Der Dreisamt\u00e4ler im Gespr\u00e4ch mit <a title=\"Kirchzarten\" href=\"https:\/\/www.freiburg-schwarzwald.de\/blog\/regio\/orte\/kirchzarten\/\">Kirchzartens<\/a> B\u00fcrgermeister, Andreas Hall<br \/>\nHall: Der <a title=\"MTB-Kirchzarten\" href=\"https:\/\/www.freiburg-schwarzwald.de\/blog\/sport\/sportlern\/biken\/mtb-kirchzarten\/\">B\u00fcrgerentscheid<\/a> ist da, wir m\u00fcssen mit diesem Ergebnis umgehen und werden das auch tun. Dabei ist mir wichtig, dass wir konstruktiv bleiben und nicht sagen: die B\u00fcrger haben mit \u201eNein\u201c votiert, also tun wir <a title=\"Biken\" href=\"https:\/\/www.freiburg-schwarzwald.de\/blog\/sport\/sportlern\/biken\/\">nichts<\/a>. Daf\u00fcr ist zu viel passiert und zu viel entwickelt worden. <!--more-->Konkret geht es mir um zwei Dinge: \u00a0Zum einen soll das Mountainbike-Training der Kinder und Jugendlichen weitergehen. Das kann auf Dauer nicht mehr auf dem Trainingsgel\u00e4nde am Giersberg sein, deshalb werden wir schnell gemeinsam einen Ersatzparcours schaffen. Bis dieser steht, duldet die Gemeinde Kirchzarten und die Stadt Freiburg als Gel\u00e4ndeeigent\u00fcmer das Training, das jetzt ja wieder beginnt, noch auf dem bestehenden Parcours. Danach beginnt dann der R\u00fcckbau. Zum anderen will ich das, was am runden Tisch an Positivem f\u00fcr die Naherholungsfunktion des Giersberges entwickelt wurde, aufgreifen und die Aufenthaltsm\u00f6glichkeiten verbessern, weitere B\u00e4nke aufgestellen und die Wege aufwerten, die teilweise in einem nicht mehr so guten Zustand sind. Ich gehe davon aus, dass sich die Situation am Giersberg dann deutlich verbessert und entspannt.<br \/>\nDreisamt\u00e4ler: Wohin wird der neue Technikparcours verlegt?<br \/>\nHall: Das wird im Hexenw\u00e4ldle sein.<br \/>\nDreisamt\u00e4ler: Wie kommen die Biker dahin?<br \/>\nHall: \u00dcber das bestehende Wegenetz.<br \/>\nDreisamt\u00e4ler: Geht das konfliktfrei?<br \/>\nHall: Wenn sich alle an die Regeln des guten Miteinanders halten, ja! Die Wege werden wie bisher sowohl von Fu\u00dfg\u00e4ngern als auch Radfahrern benutzt und der Dreisamtalradweg f\u00fchrt da ja auch durch. Ich denke, dass eine gemischte Nutzung auf den breiten Wegen machbar und f\u00fcr alle zumutbar ist.<\/p>\n<p>Dreisamt\u00e4ler: Was tut sich in der Talvogtei?<br \/>\nHall: Da geht jetzt wirklich was! Der Gemeinderat hat ja schon letztes Jahr den Grundsatzbeschluss gefasst, dass die gemeindeeigene Scheune umgebaut und unsere \u00f6ffentliche Bibliothek dort untergebracht wird. Willi Sutter war bisher beauftragt, die Planung bis Bauantragsstellung durchzuf\u00fchren. In der n\u00e4chsten Gemeinderatssitzung geht es darum, die Weiterbeauftragung zu beschlie\u00dfen und damit die konkrete Nutzung beider Scheunen.<br \/>\nDreisamt\u00e4ler: Eine Vision wird Wirklichkeit?<br \/>\nHall: Ja! Wir \u2013 der Gemeinderat und die Verwaltung \u2013 haben tolle Beispiele im Land angeschaut und uns davon inspirieren lassen. Es waren jeweils \u00f6ffentliche B\u00fcchereien in historischen Geb\u00e4uden, die wir gesehen haben. Die Erfahrungen dort zeigten, dass die Besucherzahlen und die Ausleihzahlen stark nach oben gingen und die B\u00fcchereien sich zu richtigen B\u00fcrgertreffpunkten entwickelt haben, auch durch eigene Veranstaltungen wie Lesungen. Eine Gemeinde kann davon enorm profitieren.<br \/>\nDreisamt\u00e4ler: Wie sieht das genaue Konzept f\u00fcr Kirchzarten aus?<br \/>\nHall: Es geht um zwei Geb\u00e4ude: einerseits wird die gro\u00dfe Scheune saniert und als Standort f\u00fcr die \u00d6ffentliche Bibliothek ausgebaut, die sich derzeit ja im Schulzentrum befindet. Andererseits wird auch das Geb\u00e4ude gegen\u00fcber der Scheune in die Sanierungsma\u00dfnahmen mit einbezogen. Dort soll im Obergeschoss ein Saal f\u00fcr Lesungen, aber auch f\u00fcr die Gemeinde selbst, die Vereine, f\u00fcr die Bev\u00f6lkerung \u2013 \u00e4hnlich der Klosterscheune in Oberried &#8211; entstehen. Im Erdgeschoss soll das B\u00fcrgerb\u00fcro und das Bauamt untergebracht werden.<br \/>\nUnser Ziel ist eine wohnvertr\u00e4gliche Belebung der Talvogtei. Von daher macht eine Wohnnutzung der Scheunen keinen Sinn. F\u00fcr Handel und Gewerbe ist das Areal nicht attraktiv, von daher ist eine \u00f6ffentliche Nutzung ideal. Der zentrale Belebungspunkt ist sicherlich die Bibliothek, die dann durch das B\u00fcrgerb\u00fcro erg\u00e4nzt werden soll. Das obere Rathaus kann dann einer anderen, der Fu\u00dfg\u00e4ngerzone entsprechenden Nutzung zugef\u00fchrt werden, also zum Beispiel Einzelhandel oder Dienstleistungen. Auch weil wir im alten Rathaus inzwischen sehr beengt sind, macht diese L\u00f6sung Sinn \u2013 und auch unter dem Aspekt der Refinanzierung.<\/p>\n<p>Dreisamt\u00e4ler: Wie sieht es in Kirchzarten mit der Kinderbetreuung aus?<br \/>\nHall: Die Kinderg\u00e4rten platzen aus allen N\u00e4hten, nicht unbedingt weil die Kinderzahlen explodieren, sondern weil sich die Nachfrage in Richtung mehr Ganztages- und Kleinkindbetreuung ver\u00e4ndert hat. Sowohl in Zarten als auch in Burg werden inzwischen mehr Kinder in Ganztages- als Regelgruppen betreut. Wir m\u00fcssen und wollen f\u00fcr alle Kinderg\u00e4rten Geld in die Hand nehmen. In Burg besteht bereits eine Interimsl\u00f6sung: dort ist eine Kleinkindgruppe im Haus Demant untergebracht. Damit die Gruppen wieder zusammengelegt werden k\u00f6nnen, werden wir den Kindergarten dort erweitern. Hierf\u00fcr haben wir \u00fcbrigens ein Planungsteam gebildet mit Gemeindeverwaltung, Eltern, Erzieherinnen und externen Experten der Firma \u201eBagage\u201c. In Zarten steht ein Container im Garten, weil es zu eng ist. Auch dort m\u00fcssen wir in naher Zukunft R\u00e4umlichkeiten schaffen. Die kirchlichen Kinderg\u00e4rten werden ebenfalls saniert. Wir als Gemeinde sind da jeweils mit 75 % beteiligt.<br \/>\nDreisamt\u00e4ler: Ist die Gemeinschaftsschule in Kirchzarten ein Thema?<br \/>\nHall: Nein, weder von Eltern- noch von Lehrerseite. Ich gehe davon aus, dass dies an dem guten und funktionierenden Bildungsangebot aller unserer weiterf\u00fchrenden Schulen und deren hervorragendem Ruf liegt!<br \/>\nDreisamt\u00e4ler: Wie ist die Situation der Zardunaschule als F\u00f6rderschule?<br \/>\nHall: Infolge der geforderten Inklusion werden in Zarten zunehmend weniger Sch\u00fcler unterrichtet und die Lehrer der Zardunaschule sind vermehrt an anderen Schulen pr\u00e4sent. Trotzdem haben wir als Tr\u00e4ger ein Interesse, den Schulstandort Zarten zu erhalten, weil dort au\u00dfer der F\u00f6rderschule auch noch ein sonderp\u00e4dagogischer Hort, eine Heilp\u00e4dagogische Praxis und eine Beratungsstelle angegliedert sind und wir somit ein ganz besonderes F\u00f6rderzentrum haben. Dort existiert ein einzigartiges Zusammenwirken mehrerer Einrichtungen, das es in dieser Art nirgendwo gibt. Deshalb bin ich zuversichtlich, dass der Standort bestehen bleibt &#8211; zumal die Schule eine ganz tolle Arbeit macht!<\/p>\n<p dir=\"ltr\">Dreisamt\u00e4ler: Kirchzarten hat ja ein Klimaschutzkonzept beschlossen. Wie steht es mit der Umsetzung?<br \/>\nHall: Das Konzept wurde mit Unterst\u00fctzung der \u201ebadenova plus\u201c als externem Treiber entwickelt und ihre Dienstleistungen wollen wir weiterhin in Anspruch nehmen, um die Umsetzung voranzutreiben. Ganz konkret wird im Zusammenhang mit der Scheunensanierung in der Talvogtei ein Nahw\u00e4rmenetz f\u00fcr die Scheunen und das Rathaus realisiert. Das n\u00e4chste Projekt wird das Schulzentrum sein. Die EWK ist dabei, ein Konzept f\u00fcr ein Nahw\u00e4rmenetz unter Einbeziehung des Schulzentrums und der Angrenzer zu entwickeln. Daf\u00fcr laufen derzeit Wirtschaftlichkeitsberechnungen und Planungen.<br \/>\nDreisamt\u00e4ler: Auch die Windenergie k\u00f6nnten einen Beitrag zum Klimaschutz leisten \u2026<br \/>\nHall: Der politische Wille ist da, war im Dreisamtal auch schon fr\u00fcher da und zwar immer mit der Ma\u00dfgabe der Landschaftsvertr\u00e4glichkeit. Das Problem ist derzeit, dass effektive Standorte stark restriktionsbehaftet sind, so dass es schwierig wird, wirtschaftlich sinnvolle Standorte genehmigt zu bekommen. Wir gehen jedoch nicht den vermeintlich einfachen Weg, Standorte ohne Restriktionen zu suchen, die dann aufgrund zu geringer Windh\u00f6figkeit unwirtschaftlich sind, denn dann gibt es keine Investoren und somit keine Windkraft. Man muss sinnvoll abw\u00e4gen und dann Anlagen an wenigen Standorten b\u00fcndeln. Denn auch eine Verspargelung der Landschaft kann nicht das Ziel sein.<br \/>\nDreisamt\u00e4ler: Kirchzarten hat noch keinen Haushaltsplan f\u00fcr 2013 verabschiedet?<br \/>\nHall: Ja, das ist eine Sondersituation. Der Haushalt wird erst am 30. April 2013 beraten und verabschiedet.<br \/>\nDreisamt\u00e4ler: Gibt es au\u00dfer der Talvogtei noch weitere besonders haushaltsrelevante Ma\u00dfnahmen in Kirchzarten?<br \/>\nHall: Das Sportstadion ist ein gro\u00dfes Thema. Im letzten Jahr hat die Gemeinde mit dem Sportverein und den Schulen ein Gesamtkonzept f\u00fcr die Sportanlage entwickelt. Wir wollen in diesem Jahr an die Umsetzung erster Ma\u00dfnahmen gehen: die Umkleidekabinen und Anlagen der Leichtathletik werden saniert, ein Kunstrasenplatz angelegt \u2013 unter dem Vorbehalt, dass das im Haushalt so beschlossen wird. Au\u00dferdem m\u00fcssen wir eine Verbesserung des Brandschutzes im Kurhaus in diesem Jahr planerisch angehen. Hier gibt es keinen Bestandsschutz, es m\u00fcssen immer die aktuellen gesetzlichen Vorgaben erf\u00fcllt werden.<br \/>\nDreisamt\u00e4ler: Herr Hall, vielen Dank f\u00fcr das Gespr\u00e4ch!<br \/>\nMit B\u00fcrgermeister Andreas Hall unterhielt sich Dagmar Engesser<br \/>\n36.4.2013, <a href=\"https:\/\/www.dreisamtaeler.de\">www.dreisamtaeler.de<\/a><\/p>\n","protected":false},"excerpt":{"rendered":"<p>Dorf aktuell: Der Dreisamt\u00e4ler im Gespr\u00e4ch mit Kirchzartens B\u00fcrgermeister, Andreas Hall Hall: Der B\u00fcrgerentscheid ist da, wir m\u00fcssen mit diesem Ergebnis umgehen und werden das auch tun. Dabei ist mir wichtig, dass wir konstruktiv bleiben und nicht sagen: die B\u00fcrger &hellip; <a href=\"https:\/\/www.freiburg-schwarzwald.de\/blog\/kirchzarten-mtb-talvogtei-kinder\/\">Weiterlesen <span class=\"meta-nav\">&rarr;<\/span><\/a><\/p>\n","protected":false},"author":4,"featured_media":0,"comment_status":"open","ping_status":"closed","sticky":false,"template":"","format":"standard","meta":{"footnotes":""},"categories":[75,50],"tags":[76,71,69],"class_list":["post-27927","post","type-post","status-publish","format-standard","hentry","category-biken","category-dreisamtal","tag-bike-arena","tag-burgerentscheid","tag-mtb"],"_links":{"self":[{"href":"https:\/\/www.freiburg-schwarzwald.de\/blog\/wp-json\/wp\/v2\/posts\/27927","targetHints":{"allow":["GET"]}}],"collection":[{"href":"https:\/\/www.freiburg-schwarzwald.de\/blog\/wp-json\/wp\/v2\/posts"}],"about":[{"href":"https:\/\/www.freiburg-schwarzwald.de\/blog\/wp-json\/wp\/v2\/types\/post"}],"author":[{"embeddable":true,"href":"https:\/\/www.freiburg-schwarzwald.de\/blog\/wp-json\/wp\/v2\/users\/4"}],"replies":[{"embeddable":true,"href":"https:\/\/www.freiburg-schwarzwald.de\/blog\/wp-json\/wp\/v2\/comments?post=27927"}],"version-history":[{"count":0,"href":"https:\/\/www.freiburg-schwarzwald.de\/blog\/wp-json\/wp\/v2\/posts\/27927\/revisions"}],"wp:attachment":[{"href":"https:\/\/www.freiburg-schwarzwald.de\/blog\/wp-json\/wp\/v2\/media?parent=27927"}],"wp:term":[{"taxonomy":"category","embeddable":true,"href":"https:\/\/www.freiburg-schwarzwald.de\/blog\/wp-json\/wp\/v2\/categories?post=27927"},{"taxonomy":"post_tag","embeddable":true,"href":"https:\/\/www.freiburg-schwarzwald.de\/blog\/wp-json\/wp\/v2\/tags?post=27927"}],"curies":[{"name":"wp","href":"https:\/\/api.w.org\/{rel}","templated":true}]}}