{"id":27593,"date":"2013-04-22T12:46:37","date_gmt":"2013-04-22T10:46:37","guid":{"rendered":"https:\/\/www.freiburg-schwarzwald.de\/blog\/?p=27593"},"modified":"2013-08-08T19:36:48","modified_gmt":"2013-08-08T17:36:48","slug":"revolution-1948-marsch-freiburg","status":"publish","type":"post","link":"https:\/\/www.freiburg-schwarzwald.de\/blog\/revolution-1948-marsch-freiburg\/","title":{"rendered":"Revolution 1948 Marsch Freiburg"},"content":{"rendered":"<p><span style=\"font-family: Arial;\">Wohl um die 300 Spazierg\u00e4nger nahmen teil am <a title=\"Wanderung Badische Revolution\" href=\"https:\/\/www.freiburg-schwarzwald.de\/blog\/wanderung-badische-revolution\/\">Marsch auf den Spuren der 1848er Revolution <\/a>von G\u00fcnterstal \u00fcber den J\u00e4gerbrunnen, Sternwald,\u00a0Wiehre, Schwabentor zum Rathaus. Am J\u00e4gerbrunnen verwies SPD-MdB Gernot Erler mit Heckerhut auf die sozialen und demokratischen Forderungen der Revolution\u00e4re.\u00a0Am <a title=\"Dortu\" href=\"https:\/\/www.freiburg-schwarzwald.de\/blog\/regio\/heimat\/dortu\/\">Dortu-Mausoleum im \u00a0Park \u00a0an der Dreik\u00f6nigstrasse <\/a>mahnte OB Dieter Salomon an, wie wichtig die R\u00fcckbesinnung auf die Freiheitsk\u00e4mpfer von 1848 ist: Wir leben in einer Demokratie, deren Erhalt <!--more-->tagt\u00e4glich neu erk\u00e4mpft werden mu\u00df. Am Schwabentor erkl\u00e4rte Andreas Meckel\u00a0dessen historische Bedeutung. Im Innenhof des Rathauses sprach Gr\u00fcnen-MdL Reinhold Pix. Leider tollpatschig\u00a0(und bestimmt nicht im Sinne der Organisatoren) war sein Versuch, den Aufstand der Hecker-Leute mit der &#8222;Befreiung&#8220; unseres Landes von der gelb-schwarzen &#8222;Herrschaft&#8220; durch die Gr\u00fcnen zu vergleichen &#8211; schlie\u00dflich war Hecker\u00a0weder gr\u00fcn, rot, schwarz, gelb, rechts\u00a0bzw. links, sondern Badener! Gut jedoch mundete der Kaiserst\u00fchler Wein, den Winzer Pix den friedlich-revolution\u00e4ren Marschierern spendierte. Dank f\u00fcr diesen sch\u00f6nen, informativen\u00a0und\u00a0zugleich doch besinnlichen Sonntagnachmittag an Heinz Siebold und seine revolution\u00e4ren Mitmacher. <a title=\"Wanderung Badische Revolution\" href=\"https:\/\/www.freiburg-schwarzwald.de\/blog\/wanderung-badische-revolution\/\">Viele Bilder hier<\/a>. <\/span><\/p>\n","protected":false},"excerpt":{"rendered":"<p>Wohl um die 300 Spazierg\u00e4nger nahmen teil am Marsch auf den Spuren der 1848er Revolution von G\u00fcnterstal \u00fcber den J\u00e4gerbrunnen, Sternwald,\u00a0Wiehre, Schwabentor zum Rathaus. Am J\u00e4gerbrunnen verwies SPD-MdB Gernot Erler mit Heckerhut auf die sozialen und demokratischen Forderungen der Revolution\u00e4re.\u00a0Am &hellip; <a href=\"https:\/\/www.freiburg-schwarzwald.de\/blog\/revolution-1948-marsch-freiburg\/\">Weiterlesen <span class=\"meta-nav\">&rarr;<\/span><\/a><\/p>\n","protected":false},"author":4,"featured_media":0,"comment_status":"open","ping_status":"closed","sticky":false,"template":"","format":"standard","meta":{"footnotes":""},"categories":[212,18,355,235,139,122],"tags":[534,175],"class_list":["post-27593","post","type-post","status-publish","format-standard","hentry","category-alemannisch","category-bildung","category-buergerinitiativen","category-geschichte","category-heimat","category-wandern","tag-hist","tag-ortsgeschichte"],"_links":{"self":[{"href":"https:\/\/www.freiburg-schwarzwald.de\/blog\/wp-json\/wp\/v2\/posts\/27593","targetHints":{"allow":["GET"]}}],"collection":[{"href":"https:\/\/www.freiburg-schwarzwald.de\/blog\/wp-json\/wp\/v2\/posts"}],"about":[{"href":"https:\/\/www.freiburg-schwarzwald.de\/blog\/wp-json\/wp\/v2\/types\/post"}],"author":[{"embeddable":true,"href":"https:\/\/www.freiburg-schwarzwald.de\/blog\/wp-json\/wp\/v2\/users\/4"}],"replies":[{"embeddable":true,"href":"https:\/\/www.freiburg-schwarzwald.de\/blog\/wp-json\/wp\/v2\/comments?post=27593"}],"version-history":[{"count":0,"href":"https:\/\/www.freiburg-schwarzwald.de\/blog\/wp-json\/wp\/v2\/posts\/27593\/revisions"}],"wp:attachment":[{"href":"https:\/\/www.freiburg-schwarzwald.de\/blog\/wp-json\/wp\/v2\/media?parent=27593"}],"wp:term":[{"taxonomy":"category","embeddable":true,"href":"https:\/\/www.freiburg-schwarzwald.de\/blog\/wp-json\/wp\/v2\/categories?post=27593"},{"taxonomy":"post_tag","embeddable":true,"href":"https:\/\/www.freiburg-schwarzwald.de\/blog\/wp-json\/wp\/v2\/tags?post=27593"}],"curies":[{"name":"wp","href":"https:\/\/api.w.org\/{rel}","templated":true}]}}