{"id":27526,"date":"2013-04-22T09:04:39","date_gmt":"2013-04-22T07:04:39","guid":{"rendered":"https:\/\/www.freiburg-schwarzwald.de\/blog\/?p=27526"},"modified":"2013-04-22T09:09:58","modified_gmt":"2013-04-22T07:09:58","slug":"mechthild-herder-verdienstorden","status":"publish","type":"post","link":"https:\/\/www.freiburg-schwarzwald.de\/blog\/mechthild-herder-verdienstorden\/","title":{"rendered":"Mechthild Herder Verdienstorden"},"content":{"rendered":"<p>Mechthild Herder erhielt den Verdienstorden des Landes Baden-W\u00fcrttemberg. Sie hat 1984 den &#8222;Helferkreis f\u00fcr Mutter und <a title=\"Frauen\" href=\"https:\/\/www.freiburg-schwarzwald.de\/blog\/selbsthilfe\/frauen\/\">Kind<\/a>&#8220; mitgegr\u00fcndet und 18 Jahre geleitet. Die Mutter von vier Kindern hat sich engagiert in der Tagesst\u00e4tte f\u00fcr 1-3j\u00e4hrige &#8222;Kindernest&#8220; sowie im Moses-Projekt vom &#8222;<a title=\"Haus-des-Lebens\" href=\"https:\/\/www.freiburg-schwarzwald.de\/blog\/selbsthilfe\/familie\/haus-des-lebens\/\">Haus des Lebens<\/a>&#8222;, einem Betreuungs- und Schutzraum f\u00fcr junge <a title=\"Baby\" href=\"https:\/\/www.freiburg-schwarzwald.de\/blog\/selbsthilfe\/kinder\/baby-2\/\">M\u00fctter<\/a>. <!--more--><\/p>\n<p>Bei der Preis\u00fcbergabe im Mannheimer Schlo\u00df am 19.4.2013 wurde ihr langj\u00e4hriges, unerm\u00fcdliches Engagement f\u00fcr\u00a0Schwangere,\u00a0Alleinerziehende mit Kleinkindern wie auch junge und kinderreiche Familien gew\u00fcrdigt, die sich in einer Notlage befinden.<\/p>\n<p><a href=\"https:\/\/www.freiburg-schwarzwald.de\/blog\/mechthild-herder-verdienstorden\/herder-mechthild130419\/\" rel=\"attachment wp-att-27531\"><img loading=\"lazy\" decoding=\"async\" class=\"alignnone size-thumbnail wp-image-27531\" title=\"herder-mechthild130419\" src=\"https:\/\/www.freiburg-schwarzwald.de\/blog\/wp-content\/uploads\/2013\/04\/herder-mechthild130419-139x180.jpg\" alt=\"\" width=\"139\" height=\"180\" srcset=\"https:\/\/www.freiburg-schwarzwald.de\/blog\/wp-content\/uploads\/2013\/04\/herder-mechthild130419-139x180.jpg 139w, https:\/\/www.freiburg-schwarzwald.de\/blog\/wp-content\/uploads\/2013\/04\/herder-mechthild130419.jpg 455w\" sizes=\"auto, (max-width: 139px) 100vw, 139px\" \/><\/a>\u00a0Mechthild Herder am 19.4.2013 &#8211; Bild: Staatsministerium BW<\/p>\n<p>&nbsp;<\/p>\n<p>&nbsp;<\/p>\n<p>&nbsp;<\/p>\n","protected":false},"excerpt":{"rendered":"<p>Mechthild Herder erhielt den Verdienstorden des Landes Baden-W\u00fcrttemberg. Sie hat 1984 den &#8222;Helferkreis f\u00fcr Mutter und Kind&#8220; mitgegr\u00fcndet und 18 Jahre geleitet. Die Mutter von vier Kindern hat sich engagiert in der Tagesst\u00e4tte f\u00fcr 1-3j\u00e4hrige &#8222;Kindernest&#8220; sowie im Moses-Projekt vom &hellip; <a href=\"https:\/\/www.freiburg-schwarzwald.de\/blog\/mechthild-herder-verdienstorden\/\">Weiterlesen <span class=\"meta-nav\">&rarr;<\/span><\/a><\/p>\n","protected":false},"author":4,"featured_media":0,"comment_status":"open","ping_status":"closed","sticky":false,"template":"","format":"standard","meta":{"footnotes":""},"categories":[59,104,89],"tags":[368,521,488,289],"class_list":["post-27526","post","type-post","status-publish","format-standard","hentry","category-frauen","category-hilfe","category-kirchen","tag-baby","tag-family","tag-child","tag-preis"],"_links":{"self":[{"href":"https:\/\/www.freiburg-schwarzwald.de\/blog\/wp-json\/wp\/v2\/posts\/27526","targetHints":{"allow":["GET"]}}],"collection":[{"href":"https:\/\/www.freiburg-schwarzwald.de\/blog\/wp-json\/wp\/v2\/posts"}],"about":[{"href":"https:\/\/www.freiburg-schwarzwald.de\/blog\/wp-json\/wp\/v2\/types\/post"}],"author":[{"embeddable":true,"href":"https:\/\/www.freiburg-schwarzwald.de\/blog\/wp-json\/wp\/v2\/users\/4"}],"replies":[{"embeddable":true,"href":"https:\/\/www.freiburg-schwarzwald.de\/blog\/wp-json\/wp\/v2\/comments?post=27526"}],"version-history":[{"count":0,"href":"https:\/\/www.freiburg-schwarzwald.de\/blog\/wp-json\/wp\/v2\/posts\/27526\/revisions"}],"wp:attachment":[{"href":"https:\/\/www.freiburg-schwarzwald.de\/blog\/wp-json\/wp\/v2\/media?parent=27526"}],"wp:term":[{"taxonomy":"category","embeddable":true,"href":"https:\/\/www.freiburg-schwarzwald.de\/blog\/wp-json\/wp\/v2\/categories?post=27526"},{"taxonomy":"post_tag","embeddable":true,"href":"https:\/\/www.freiburg-schwarzwald.de\/blog\/wp-json\/wp\/v2\/tags?post=27526"}],"curies":[{"name":"wp","href":"https:\/\/api.w.org\/{rel}","templated":true}]}}