{"id":27316,"date":"2013-04-18T10:56:35","date_gmt":"2013-04-18T08:56:35","guid":{"rendered":"https:\/\/www.freiburg-schwarzwald.de\/blog\/?p=27316"},"modified":"2013-04-18T10:56:35","modified_gmt":"2013-04-18T08:56:35","slug":"behinderung-und-armut","status":"publish","type":"post","link":"https:\/\/www.freiburg-schwarzwald.de\/blog\/behinderung-und-armut\/","title":{"rendered":"Behinderung und Armut"},"content":{"rendered":"<p>Podiumsdiskussion mit Freiburgs BundestagskandidatInnen zur Lage von <a title=\"Behinderung\" href=\"https:\/\/www.freiburg-schwarzwald.de\/blog\/selbsthilfe\/behinderung\/\">Menschen mit Behinderung<\/a>: Der Beirat f\u00fcr Menschen mit Behinderung der Stadt Freiburg l\u00e4dt zu einer Diskussion mit dem Titel \u201eBehinderung = Armut?\u201c ein\u00a0am Montag, den 29. April 2013 um 19 Uhr in der Hebelschule, Engelbergerstr. 2 in Freiburg. Dabei werden Themen angesprochen wie \u201eGrundsicherung \u2013 reicht sie f\u00fcr <a title=\"Armut\" href=\"https:\/\/www.freiburg-schwarzwald.de\/blog\/selbsthilfe\/soziales\/armut\/\">angemessenen Lebensstandard<\/a>\u00a0aus?\u201c,<!--more--> \u201eGesellschaftliche Teilhabe \u2013 ist sie m\u00f6glich?\u201c, \u201eUN-Konvention \u2013 kann sie umgesetzt werden?\u201c. Mit auf dem Podium sind Kerstin Andrae MdB (B\u00fcndnis 90\/Die Gr\u00fcnen), Gernot Erler MdB (SPD), Sascha Fiek (FDP), Matern von Marschall (CDU), Andr\u00e9 Martens (Die Piraten), Tobias Pfl\u00fcger (Die Linke). Moderatorin ist die Freie Journalistin Anita R\u00fcffer.<br \/>\nEsther Grunemann, Tel (0761)216-9027,\u00a0<a href=\"mailto:esther.grunemann@stadt-freiburg.de\">esther.grunemann@stadt-freiburg.de<\/a><\/p>\n","protected":false},"excerpt":{"rendered":"<p>Podiumsdiskussion mit Freiburgs BundestagskandidatInnen zur Lage von Menschen mit Behinderung: Der Beirat f\u00fcr Menschen mit Behinderung der Stadt Freiburg l\u00e4dt zu einer Diskussion mit dem Titel \u201eBehinderung = Armut?\u201c ein\u00a0am Montag, den 29. April 2013 um 19 Uhr in der &hellip; <a href=\"https:\/\/www.freiburg-schwarzwald.de\/blog\/behinderung-und-armut\/\">Weiterlesen <span class=\"meta-nav\">&rarr;<\/span><\/a><\/p>\n","protected":false},"author":4,"featured_media":0,"comment_status":"open","ping_status":"closed","sticky":false,"template":"","format":"standard","meta":{"footnotes":""},"categories":[56,9],"tags":[382,409,276],"class_list":["post-27316","post","type-post","status-publish","format-standard","hentry","category-behinderung","category-soziales","tag-arbeit-working","tag-armut","tag-rollstuhl"],"_links":{"self":[{"href":"https:\/\/www.freiburg-schwarzwald.de\/blog\/wp-json\/wp\/v2\/posts\/27316","targetHints":{"allow":["GET"]}}],"collection":[{"href":"https:\/\/www.freiburg-schwarzwald.de\/blog\/wp-json\/wp\/v2\/posts"}],"about":[{"href":"https:\/\/www.freiburg-schwarzwald.de\/blog\/wp-json\/wp\/v2\/types\/post"}],"author":[{"embeddable":true,"href":"https:\/\/www.freiburg-schwarzwald.de\/blog\/wp-json\/wp\/v2\/users\/4"}],"replies":[{"embeddable":true,"href":"https:\/\/www.freiburg-schwarzwald.de\/blog\/wp-json\/wp\/v2\/comments?post=27316"}],"version-history":[{"count":0,"href":"https:\/\/www.freiburg-schwarzwald.de\/blog\/wp-json\/wp\/v2\/posts\/27316\/revisions"}],"wp:attachment":[{"href":"https:\/\/www.freiburg-schwarzwald.de\/blog\/wp-json\/wp\/v2\/media?parent=27316"}],"wp:term":[{"taxonomy":"category","embeddable":true,"href":"https:\/\/www.freiburg-schwarzwald.de\/blog\/wp-json\/wp\/v2\/categories?post=27316"},{"taxonomy":"post_tag","embeddable":true,"href":"https:\/\/www.freiburg-schwarzwald.de\/blog\/wp-json\/wp\/v2\/tags?post=27316"}],"curies":[{"name":"wp","href":"https:\/\/api.w.org\/{rel}","templated":true}]}}