{"id":27273,"date":"2013-04-17T18:20:01","date_gmt":"2013-04-17T16:20:01","guid":{"rendered":"https:\/\/www.freiburg-schwarzwald.de\/blog\/?p=27273"},"modified":"2013-04-17T18:26:42","modified_gmt":"2013-04-17T16:26:42","slug":"energiewende-korrekte-info","status":"publish","type":"post","link":"https:\/\/www.freiburg-schwarzwald.de\/blog\/energiewende-korrekte-info\/","title":{"rendered":"Energiewende &#8211; korrekte Info"},"content":{"rendered":"<p>Der Vollzug der <a title=\"Nachhaltigkeit\" href=\"https:\/\/www.freiburg-schwarzwald.de\/blog\/natur\/klima\/nachhaltigkeit\/\">Energiewende<\/a> wird nicht nur durch Gro\u00dfkonzerne verlangsamt, die Gewinneinbu\u00dfen f\u00fcrchten, sondern auch durch falsch informierte und falsche <a title=\"Nachhaltigkeit\" href=\"https:\/\/www.freiburg-schwarzwald.de\/blog\/natur\/klima\/nachhaltigkeit\/\">informierende B\u00fcrger<\/a>, die den <a title=\"Energie\" href=\"https:\/\/www.freiburg-schwarzwald.de\/blog\/energie\/\">Ernst der Lage<\/a> verkennen. Jedermann hat ein Recht auf seine Meinung und versucht nat\u00fcrlich, auch andere davon zu \u00fcberzeugen. Nicht hinnehmbar aber ist es, wenn jemand seine Argumentation auf falsche Tatsachen st\u00fctzt. <!--more-->Dass die Rotoren von Windr\u00e4dern &#8222;Insekten, Flederm\u00e4use und V\u00f6gel vernichten, ja ausrotten&#8220;, so Dr. Elmar Klein \u00a0(<a title=\"Windkraft-Standorte Dreisamtal\" href=\"https:\/\/www.freiburg-schwarzwald.de\/blog\/windkraft-standorte-dreisamtal\/\">Beitrag Landschaftsschutz vontra Windrad<\/a>), ist v\u00f6llig aus der Luft gegriffen. Noch schlimmer ist Dr. Kleins Behauptung, dass das Klima nicht gesch\u00fctzt werden k\u00f6nne. Richtig ist, dass unser Klima durch planetarische Konstellationen, durch Aktivit\u00e4ten der Sonne und durch Verlagerung der Erdachse (was Herr Klein nicht erw\u00e4hnt) im Verlauf der Erdgeschichte starke Ver\u00e4nderungen durchlaufen hat, aber nie in einem so kurzen Zeitraum, wie wir es jetzt erleben. Diese einzigartige Beschleunigung ist durch uns Menschen verursacht worden und muss auch durch uns gestoppt werden.<br \/>\nHerrn Klein\u00a0 zufolge gebe es keinen Beweis f\u00fcr die Klimaerw\u00e4rmung aufgrund menschlich verursachten Kohlendioxyds. Damit leugnet er die Ergebnisse des UN-Weltklimareports von 2007, in dem die Arbeitsgruppe I die wissenschaftlichen Grundlagen unter dem Titel &#8222;Der Klimawandel ist eine Tatsache&#8220; dargelegt hat. Verf\u00fcgt Herr Dr. Klein \u00fcber weiter reichende\u00a0 Kenntnisse und h\u00f6here Einsicht als Hermann Scheer, Al Gore, der Club of Rome, Ernst Ulrich von Weizs\u00e4cker?\u00a0 Von Weizs\u00e4cker hat seine fundierten Thesen gerade erst am Montag (15.4.) in Kirchzarten \u00fcberzeugend dargelegt. Dabei ging es ihm in erster Linie\u00a0 um Effizienz statt Verschwendung von Energie, aber die Klimaerw\u00e4rmung war in seinem Vortrag eine unbestreitbare Voraussetzung.<br \/>\n17.4.2013, Prof Dr. Herwig Wulf, Kirchzarten, <a href=\"https:\/\/www.dreisamtaeler.de\">www.dreisamtaeler.de<\/a><\/p>\n<p>&nbsp;<\/p>\n","protected":false},"excerpt":{"rendered":"<p>Der Vollzug der Energiewende wird nicht nur durch Gro\u00dfkonzerne verlangsamt, die Gewinneinbu\u00dfen f\u00fcrchten, sondern auch durch falsch informierte und falsche informierende B\u00fcrger, die den Ernst der Lage verkennen. Jedermann hat ein Recht auf seine Meinung und versucht nat\u00fcrlich, auch andere &hellip; <a href=\"https:\/\/www.freiburg-schwarzwald.de\/blog\/energiewende-korrekte-info\/\">Weiterlesen <span class=\"meta-nav\">&rarr;<\/span><\/a><\/p>\n","protected":false},"author":4,"featured_media":0,"comment_status":"open","ping_status":"closed","sticky":false,"template":"","format":"standard","meta":{"footnotes":""},"categories":[181,5,395],"tags":[239,151,41,305],"class_list":["post-27273","post","type-post","status-publish","format-standard","hentry","category-buergerbeteiligung","category-energie","category-wind","tag-energiesparen","tag-erneuerbare-energien","tag-nachhaltig","tag-windkraft"],"_links":{"self":[{"href":"https:\/\/www.freiburg-schwarzwald.de\/blog\/wp-json\/wp\/v2\/posts\/27273","targetHints":{"allow":["GET"]}}],"collection":[{"href":"https:\/\/www.freiburg-schwarzwald.de\/blog\/wp-json\/wp\/v2\/posts"}],"about":[{"href":"https:\/\/www.freiburg-schwarzwald.de\/blog\/wp-json\/wp\/v2\/types\/post"}],"author":[{"embeddable":true,"href":"https:\/\/www.freiburg-schwarzwald.de\/blog\/wp-json\/wp\/v2\/users\/4"}],"replies":[{"embeddable":true,"href":"https:\/\/www.freiburg-schwarzwald.de\/blog\/wp-json\/wp\/v2\/comments?post=27273"}],"version-history":[{"count":0,"href":"https:\/\/www.freiburg-schwarzwald.de\/blog\/wp-json\/wp\/v2\/posts\/27273\/revisions"}],"wp:attachment":[{"href":"https:\/\/www.freiburg-schwarzwald.de\/blog\/wp-json\/wp\/v2\/media?parent=27273"}],"wp:term":[{"taxonomy":"category","embeddable":true,"href":"https:\/\/www.freiburg-schwarzwald.de\/blog\/wp-json\/wp\/v2\/categories?post=27273"},{"taxonomy":"post_tag","embeddable":true,"href":"https:\/\/www.freiburg-schwarzwald.de\/blog\/wp-json\/wp\/v2\/tags?post=27273"}],"curies":[{"name":"wp","href":"https:\/\/api.w.org\/{rel}","templated":true}]}}