{"id":27155,"date":"2013-04-15T19:07:31","date_gmt":"2013-04-15T17:07:31","guid":{"rendered":"https:\/\/www.freiburg-schwarzwald.de\/blog\/?p=27155"},"modified":"2013-04-15T19:20:09","modified_gmt":"2013-04-15T17:20:09","slug":"kelten-krimi-zu-tarodunum","status":"publish","type":"post","link":"https:\/\/www.freiburg-schwarzwald.de\/blog\/kelten-krimi-zu-tarodunum\/","title":{"rendered":"Kelten-Krimi zu Tarodunum"},"content":{"rendered":"<p>Dr. Heiko Wagner hat sich in seiner Dissertation mit den <a title=\"Ausgrabungen\" href=\"https:\/\/www.freiburg-schwarzwald.de\/blog\/regio\/heimat\/ausgrabungen\/\">Ausgrabungen<\/a> der keltischen Siedlung Tarodunum nahe <a title=\"Kirchzarten\" href=\"https:\/\/www.freiburg-schwarzwald.de\/blog\/regio\/orte\/kirchzarten\/\">Kirchzarten-Zarten <\/a>befa\u00dft. Nun\u00a0gibt es auch einen von ihm autorisierten &#8222;arch\u00e4ologischen <a title=\"Buch\" href=\"https:\/\/www.freiburg-schwarzwald.de\/blog\/kultur\/dichter\/literatur\/buch\/\">Krim<\/a>i&#8220; zu Tarodunum: Unterhaltsam und mit\u00a0arch\u00e4ologischer Sachkenntnis beschreibt er die Geschichte eines r\u00f6mischen H\u00e4ndlers, der in Tarodunum eine Handelsniederlassung gr\u00fcndet, sich dort unbeliebt macht und gewaltsam zu Tode kommt. <!--more-->2000 Jahre sp\u00e4ter finden Arch\u00e4ologen ein Skelett mit\u00a0einem Messer im R\u00fccken und versuchen\u00a0 herausraus zufinden, was damals passiert ist.<br \/>\n<a href=\"https:\/\/www.freiburg-dreisamtal.de\/tarondunum.htm\">www.freiburg-dreisamtal.de\/tarondunum.htm<\/a><\/p>\n<p><span style=\"font-size: small;\">Hans Gerber (Pseud.): <\/span><span style=\"font-size: small;\">ZeitFenster.<br \/>\n<\/span><span style=\"font-size: small;\">Ein arch\u00e4ologischer Krimi aus Tarodunum.<br \/>\n<\/span><span style=\"font-size: small;\">B\u00e4renfelser 2012, SBN 978-3-86372-011-7, <\/span><span style=\"font-size: small;\">140 S., 2 farb. Karten<\/span><\/p>\n<p>BAG-Verlag&amp;B\u00e4renfelser Verlag,\u00a0Ob dem Dorf 12,\u00a079639 Grenzach-Wyhlen<br \/>\n<a href=\"https:\/\/www.bag-verlag.de\/\">https:\/\/www.bag-verlag.de<\/a>, \u00a0 <a href=\"https:\/\/www.baerenfelser.de\/\">https:\/\/www.baerenfelser.de<\/a><br \/>\nDr. Claudia Greiner<\/p>\n","protected":false},"excerpt":{"rendered":"<p>Dr. Heiko Wagner hat sich in seiner Dissertation mit den Ausgrabungen der keltischen Siedlung Tarodunum nahe Kirchzarten-Zarten befa\u00dft. Nun\u00a0gibt es auch einen von ihm autorisierten &#8222;arch\u00e4ologischen Krimi&#8220; zu Tarodunum: Unterhaltsam und mit\u00a0arch\u00e4ologischer Sachkenntnis beschreibt er die Geschichte eines r\u00f6mischen H\u00e4ndlers, &hellip; <a href=\"https:\/\/www.freiburg-schwarzwald.de\/blog\/kelten-krimi-zu-tarodunum\/\">Weiterlesen <span class=\"meta-nav\">&rarr;<\/span><\/a><\/p>\n","protected":false},"author":4,"featured_media":0,"comment_status":"open","ping_status":"closed","sticky":false,"template":"","format":"standard","meta":{"footnotes":""},"categories":[18,99,235],"tags":[337,175],"class_list":["post-27155","post","type-post","status-publish","format-standard","hentry","category-bildung","category-buchhandel","category-geschichte","tag-historie","tag-ortsgeschichte"],"_links":{"self":[{"href":"https:\/\/www.freiburg-schwarzwald.de\/blog\/wp-json\/wp\/v2\/posts\/27155","targetHints":{"allow":["GET"]}}],"collection":[{"href":"https:\/\/www.freiburg-schwarzwald.de\/blog\/wp-json\/wp\/v2\/posts"}],"about":[{"href":"https:\/\/www.freiburg-schwarzwald.de\/blog\/wp-json\/wp\/v2\/types\/post"}],"author":[{"embeddable":true,"href":"https:\/\/www.freiburg-schwarzwald.de\/blog\/wp-json\/wp\/v2\/users\/4"}],"replies":[{"embeddable":true,"href":"https:\/\/www.freiburg-schwarzwald.de\/blog\/wp-json\/wp\/v2\/comments?post=27155"}],"version-history":[{"count":0,"href":"https:\/\/www.freiburg-schwarzwald.de\/blog\/wp-json\/wp\/v2\/posts\/27155\/revisions"}],"wp:attachment":[{"href":"https:\/\/www.freiburg-schwarzwald.de\/blog\/wp-json\/wp\/v2\/media?parent=27155"}],"wp:term":[{"taxonomy":"category","embeddable":true,"href":"https:\/\/www.freiburg-schwarzwald.de\/blog\/wp-json\/wp\/v2\/categories?post=27155"},{"taxonomy":"post_tag","embeddable":true,"href":"https:\/\/www.freiburg-schwarzwald.de\/blog\/wp-json\/wp\/v2\/tags?post=27155"}],"curies":[{"name":"wp","href":"https:\/\/api.w.org\/{rel}","templated":true}]}}