{"id":27085,"date":"2013-04-12T19:08:35","date_gmt":"2013-04-12T17:08:35","guid":{"rendered":"https:\/\/www.freiburg-schwarzwald.de\/blog\/?p=27085"},"modified":"2013-04-14T19:10:09","modified_gmt":"2013-04-14T17:10:09","slug":"mtb-bundesliga-sieg-dreisamtal","status":"publish","type":"post","link":"https:\/\/www.freiburg-schwarzwald.de\/blog\/mtb-bundesliga-sieg-dreisamtal\/","title":{"rendered":"MTB-Bundesliga Sieg Dreisamtal"},"content":{"rendered":"<p>Mit zwei Siegen hat das \u201eLexware-Rothaus-Team\u201c in Bad S\u00e4ckingen einen hervorragenden Einstand in die <a title=\"MTB-Kirchzarten\" href=\"https:\/\/www.freiburg-schwarzwald.de\/blog\/sport\/sportlern\/biken\/mtb-kirchzarten\/\">MTB<\/a>-Bundesliga-Saison gefeiert. Julian Schelb gewann das U23-Rennen vor Teamkollege Martin Gluth und Luca Schwarzbauer triumphierte gleich in seinem ersten Junioren-Rennen. Die <a title=\"Biken\" href=\"https:\/\/www.freiburg-schwarzwald.de\/blog\/sport\/sportlern\/biken\/\">Mountainbike-Equipe <\/a>aus dem <a title=\"Kirchzarten\" href=\"https:\/\/www.freiburg-schwarzwald.de\/blog\/regio\/orte\/kirchzarten\/\">Dreisamtal<\/a> dr\u00fcckte dem U23-Bundesliga-Auftakt ihren Stempel auf.<!--more--><\/p>\n<p>&nbsp;<\/p>\n<p>Julian Schelb war an diesem Tag eine Klasse f\u00fcr sich. Scheinbar m\u00fchelos dehnte er seinen Vorsprung bis auf eine Minute aus. \u201eIch habe ein paar Mal Gas gegeben, um zu sehen, was geht\u201c, grinste Schelb aus seinem Dreck verschmierten Gesicht. Mit 51,6 Sekunden Vorsprung \u00fcberquerte er als Sieger die Ziellinie des U23-Bundesliga-Rennens: \u201eDas ist mein erster Sieg seit Junioren-Zeiten.\u201c Auch Martin Gluth fand seinen zweiten Platz \u201eoptimal\u201c und war \u201evoll zufrieden\u201c. Und Christian Pf\u00e4ffle, lange Zeit sicher auf Platz drei, h\u00e4tte beinahe f\u00fcr einen kompletten Triumph seines Teams gesorgt. \u201eDann ist pl\u00f6tzlich das Schaltwerk abgerissen\u201c, schilderte er. So musste er den letzten Kilometer mit geschultertem Bike zu Fu\u00df zur\u00fcck legen und kam als F\u00fcnfter ins Ziel.<br \/>\nLuca Schwarzbauer sorgte im Junioren-Rennen f\u00fcr eine faustdicke \u00dcberraschung. Nicht nur, dass der Biker vom Lexware-Rothaus Team gleich sein allererstes Rennen in der Juniorenklasse gegen starke internationale Konkurrenz gewinnen konnte, es war auch die Art und Weise, die Eindruck hinterlie\u00df. Nachdem Johannes Bl\u00e4si vom Lexware Rothaus Juniorteam einen blenden Start erwischt hatte und zuerst in F\u00fchrung lag, \u00fcbernahm Luca Schwarzbauer Mitte der ersten von drei Runden die F\u00fchrung und baute sie bis zum Ende immer mehr aus. Der M\u00fcnstert\u00e4ler Johannes Bl\u00e4si konnte sein Anfangstempo nicht ganz halten, war am Ende aber als Zw\u00f6lfter sechstbester Deutscher im Feld.\u00a0<\/p>\n<p><a href=\"https:\/\/www.freiburg-schwarzwald.de\/blog\/mtb-bundesliga-sieg-dreisamtal\/mtb-lexware1304\/\" rel=\"attachment wp-att-27086\"><img loading=\"lazy\" decoding=\"async\" class=\"alignnone size-thumbnail wp-image-27086\" title=\"mtb-lexware1304\" src=\"https:\/\/www.freiburg-schwarzwald.de\/blog\/wp-content\/uploads\/2013\/04\/mtb-lexware1304-180x87.jpg\" alt=\"\" width=\"180\" height=\"87\" srcset=\"https:\/\/www.freiburg-schwarzwald.de\/blog\/wp-content\/uploads\/2013\/04\/mtb-lexware1304-180x87.jpg 180w, https:\/\/www.freiburg-schwarzwald.de\/blog\/wp-content\/uploads\/2013\/04\/mtb-lexware1304.jpg 640w\" sizes=\"auto, (max-width: 180px) 100vw, 180px\" \/><\/a>\u00a0<\/p>\n<p>Vom Wetter und der Strecke gezeichnet \u2013 aber gl\u00fccklich \u00fcber die U23-Wertung: Julian Schelb, Martin Gluth und Christian Pf\u00e4ffle (v.l.).\u00a0Foto: Armin K\u00fcstenbr\u00fcck<\/p>\n<p>Team-Chef Daniel Berhe war sehr erfreut \u00fcber die Leistung seiner Fahrer: \u201eDas zeigt, dass alle \u00fcber den Winter gut gearbeitet haben.\u201c Hanna Klein vom Lexware-Rothaus Team hat beim Auftakt zur Internationalen MTB-Bundesliga in Bad S\u00e4ckingen Platz zehn erreicht. Bei den Herren landeten Marcel Fleschhut und Heiko Gutmann auf den Pl\u00e4tzen 21 und 30. Anika Buhl erwischte im Lager der Juniorinnen in Bad S\u00e4ckingen keinen guten Tag. Nach einem guten Start fiel die Oberriederin auf den zehnten Rang zur\u00fcck, verbesserte sich dann noch auf Platz neun.<br \/>\n12.4.2013, Gerhard L\u00fcck, <a href=\"https:\/\/www.dreisamtaeler.de\">www.dreisamtaeler.de<\/a><\/p>\n","protected":false},"excerpt":{"rendered":"<p>Mit zwei Siegen hat das \u201eLexware-Rothaus-Team\u201c in Bad S\u00e4ckingen einen hervorragenden Einstand in die MTB-Bundesliga-Saison gefeiert. Julian Schelb gewann das U23-Rennen vor Teamkollege Martin Gluth und Luca Schwarzbauer triumphierte gleich in seinem ersten Junioren-Rennen. Die Mountainbike-Equipe aus dem Dreisamtal dr\u00fcckte &hellip; <a href=\"https:\/\/www.freiburg-schwarzwald.de\/blog\/mtb-bundesliga-sieg-dreisamtal\/\">Weiterlesen <span class=\"meta-nav\">&rarr;<\/span><\/a><\/p>\n","protected":false},"author":4,"featured_media":0,"comment_status":"open","ping_status":"closed","sticky":false,"template":"","format":"standard","meta":{"footnotes":""},"categories":[75,50,8],"tags":[70,69],"class_list":["post-27085","post","type-post","status-publish","format-standard","hentry","category-biken","category-dreisamtal","category-sport","tag-jugendsport","tag-mtb"],"_links":{"self":[{"href":"https:\/\/www.freiburg-schwarzwald.de\/blog\/wp-json\/wp\/v2\/posts\/27085","targetHints":{"allow":["GET"]}}],"collection":[{"href":"https:\/\/www.freiburg-schwarzwald.de\/blog\/wp-json\/wp\/v2\/posts"}],"about":[{"href":"https:\/\/www.freiburg-schwarzwald.de\/blog\/wp-json\/wp\/v2\/types\/post"}],"author":[{"embeddable":true,"href":"https:\/\/www.freiburg-schwarzwald.de\/blog\/wp-json\/wp\/v2\/users\/4"}],"replies":[{"embeddable":true,"href":"https:\/\/www.freiburg-schwarzwald.de\/blog\/wp-json\/wp\/v2\/comments?post=27085"}],"version-history":[{"count":0,"href":"https:\/\/www.freiburg-schwarzwald.de\/blog\/wp-json\/wp\/v2\/posts\/27085\/revisions"}],"wp:attachment":[{"href":"https:\/\/www.freiburg-schwarzwald.de\/blog\/wp-json\/wp\/v2\/media?parent=27085"}],"wp:term":[{"taxonomy":"category","embeddable":true,"href":"https:\/\/www.freiburg-schwarzwald.de\/blog\/wp-json\/wp\/v2\/categories?post=27085"},{"taxonomy":"post_tag","embeddable":true,"href":"https:\/\/www.freiburg-schwarzwald.de\/blog\/wp-json\/wp\/v2\/tags?post=27085"}],"curies":[{"name":"wp","href":"https:\/\/api.w.org\/{rel}","templated":true}]}}