{"id":27076,"date":"2013-04-12T18:52:38","date_gmt":"2013-04-12T16:52:38","guid":{"rendered":"https:\/\/www.freiburg-schwarzwald.de\/blog\/?p=27076"},"modified":"2013-04-14T19:00:21","modified_gmt":"2013-04-14T17:00:21","slug":"regiowind-ertrag-2012-gut","status":"publish","type":"post","link":"https:\/\/www.freiburg-schwarzwald.de\/blog\/regiowind-ertrag-2012-gut\/","title":{"rendered":"Regiowind Ertrag 2012 gut"},"content":{"rendered":"<p>Die \u201eregiowind GmbH\u201c aus Freiburg vermeldet f\u00fcr alle f\u00fcnf KGs f\u00fcr das Jahr 2012 <a title=\"Kapitalanlage\" href=\"https:\/\/www.freiburg-schwarzwald.de\/blog\/business\/dienste\/kapitalanlage\/\">Umsatz- und Ertragssteigerungen<\/a>. Die Aussch\u00fcttungssumme stieg auf insgesamt rund 300.000 Euro. Besonders stark war der <a title=\"Wind\" href=\"https:\/\/www.freiburg-schwarzwald.de\/blog\/energie\/wind\/\">Windkraft<\/a>-Ergebnisanstieg bei der Freiburger \u201eregiowind KG\u201c, die ihren Gewinn mit 360.000 Euro im Vorjahresvergleich mehr als verf\u00fcnffachte. Hier wurden die \u00dcbersch\u00fcsse in voller H\u00f6he zur Tilgung der Investitionsdarlehen verwendet. <!--more-->Die positive Entwicklung beruhte auf besseren Windverh\u00e4ltnissen, h\u00f6heren Preisen beim Stromverkauf und sinkenden Zinsaufwendungen. \u201eDas Konzept, die Windpotenziale der Region im Sinne des Umweltschutzes mit regionaler Wertsch\u00f6pfung und passabler Rendite f\u00fcr die Anteilseigner zu nutzen, geht mittel- und langfristig offensichtlich auf\u201c, stellte Gesch\u00e4ftsf\u00fchrer Johann-Martin Rogg fest. In den kommenden Jahren werde mit einer Fortsetzung des erfolgreichen Gesch\u00e4ftsverlaufs gerechnet. Bereits 2015 soll die Aussch\u00fcttungssumme der Kommanditgesellschaften die Millionengrenze \u00fcberschreiten. Gesch\u00e4ftsf\u00fchrer Andreas Markowsky betont: \u201eGerade, weil wir auch harte Jahre in einem schwierigen Umfeld hinter uns haben, freut uns diese Entwicklung f\u00fcr die \u00fcber 1.000 Anteilseigner, die dankenswerterweise solidarisch die Gesch\u00e4ftspolitik unterst\u00fctzt haben\u201c. Die \u201eregiowind Verwaltungs-GmbH\u201c (50 Prozent badenova, 50 Prozent \u00d6kostrom) ist Vollhafterin und Gesch\u00e4ftsf\u00fchrerin f\u00fcr diese KGs:<br \/>\n\u201eregiowind GmbH &amp; Co. KG Freiburg\u201c (seit 2003),<br \/>\n\u201eregiowind plus Lahr\/Seelbach GmbH &amp; Co. KG\u201d (seit 2005),<br \/>\n\u201eregiowind GmbH &amp; Co. St. Peter KG\u201d (seit 2006),<br \/>\n\u201eregiomix 2030 GmbH &amp; Co. KG\u201c (seit 2009) und die<br \/>\n\u201cregio-M-solar 2010 GmbH &amp; Co. KG\u201c (seit 2010).<\/p>\n<p>13.4.2013, Gerhard L\u00fcck, <a href=\"https:\/\/www.dreisamtaeler.de\">www.dreisamtaeler.de<\/a><\/p>\n","protected":false},"excerpt":{"rendered":"<p>Die \u201eregiowind GmbH\u201c aus Freiburg vermeldet f\u00fcr alle f\u00fcnf KGs f\u00fcr das Jahr 2012 Umsatz- und Ertragssteigerungen. Die Aussch\u00fcttungssumme stieg auf insgesamt rund 300.000 Euro. Besonders stark war der Windkraft-Ergebnisanstieg bei der Freiburger \u201eregiowind KG\u201c, die ihren Gewinn mit 360.000 &hellip; <a href=\"https:\/\/www.freiburg-schwarzwald.de\/blog\/regiowind-ertrag-2012-gut\/\">Weiterlesen <span class=\"meta-nav\">&rarr;<\/span><\/a><\/p>\n","protected":false},"author":4,"featured_media":0,"comment_status":"open","ping_status":"closed","sticky":false,"template":"","format":"standard","meta":{"footnotes":""},"categories":[4,180,395],"tags":[151,413],"class_list":["post-27076","post","type-post","status-publish","format-standard","hentry","category-branchen","category-hochschwarzwald","category-wind","tag-erneuerbare-energien","tag-geld"],"_links":{"self":[{"href":"https:\/\/www.freiburg-schwarzwald.de\/blog\/wp-json\/wp\/v2\/posts\/27076","targetHints":{"allow":["GET"]}}],"collection":[{"href":"https:\/\/www.freiburg-schwarzwald.de\/blog\/wp-json\/wp\/v2\/posts"}],"about":[{"href":"https:\/\/www.freiburg-schwarzwald.de\/blog\/wp-json\/wp\/v2\/types\/post"}],"author":[{"embeddable":true,"href":"https:\/\/www.freiburg-schwarzwald.de\/blog\/wp-json\/wp\/v2\/users\/4"}],"replies":[{"embeddable":true,"href":"https:\/\/www.freiburg-schwarzwald.de\/blog\/wp-json\/wp\/v2\/comments?post=27076"}],"version-history":[{"count":0,"href":"https:\/\/www.freiburg-schwarzwald.de\/blog\/wp-json\/wp\/v2\/posts\/27076\/revisions"}],"wp:attachment":[{"href":"https:\/\/www.freiburg-schwarzwald.de\/blog\/wp-json\/wp\/v2\/media?parent=27076"}],"wp:term":[{"taxonomy":"category","embeddable":true,"href":"https:\/\/www.freiburg-schwarzwald.de\/blog\/wp-json\/wp\/v2\/categories?post=27076"},{"taxonomy":"post_tag","embeddable":true,"href":"https:\/\/www.freiburg-schwarzwald.de\/blog\/wp-json\/wp\/v2\/tags?post=27076"}],"curies":[{"name":"wp","href":"https:\/\/api.w.org\/{rel}","templated":true}]}}