{"id":27030,"date":"2013-04-13T12:19:13","date_gmt":"2013-04-13T10:19:13","guid":{"rendered":"https:\/\/www.freiburg-schwarzwald.de\/blog\/?p=27030"},"modified":"2013-04-14T09:52:23","modified_gmt":"2013-04-14T07:52:23","slug":"mit-16-jahren-zur-kommunalwahl","status":"publish","type":"post","link":"https:\/\/www.freiburg-schwarzwald.de\/blog\/mit-16-jahren-zur-kommunalwahl\/","title":{"rendered":"Mit 16 Jahren zur Kommunalwahl"},"content":{"rendered":"<p>Der Landtag von Baden-W\u00fcrttemberg hat am 11.4.2013 das <a title=\"Demokratie\" href=\"https:\/\/www.freiburg-schwarzwald.de\/blog\/engagement\/zukunft\/demokratie\/\">Wahlalter<\/a> auf kommunaler Ebene von 18 auf 16 Jahre gesenkt. <a title=\"Jugend\" href=\"https:\/\/www.freiburg-schwarzwald.de\/blog\/selbsthilfe\/jugend\/\">Jugendliche<\/a> k\u00f6nnen also ab 16 bei den Wahlen zu Gemeinder\u00e4ten und Kreistagen wie auch <a title=\"Buergerbeteiligung\" href=\"https:\/\/www.freiburg-schwarzwald.de\/blog\/engagement\/buergerbeteiligung\/\">B\u00fcrgerentscheiden<\/a>\u00a0mitmachen. Das passive Wahlrecht bleibt bei 18 Jahren. F\u00fcr die\u00a0<a title=\"Kirchzarten\" href=\"https:\/\/www.freiburg-schwarzwald.de\/blog\/regio\/orte\/kirchzarten\/\">Kirchzartener<\/a> Jugendlichen kommt diese Gesetzes\u00e4nderung leider f\u00fcnf Wochen zu sp\u00e4t, da\u00a0 <!--more-->der <a title=\"MTB-Kirchzarten\" href=\"https:\/\/www.freiburg-schwarzwald.de\/blog\/sport\/sportlern\/biken\/mtb-kirchzarten\/\">B\u00fcrgerentscheid zum Bau einer Mountainbike-Trainingsstrecke f\u00fcr Jugendliche<\/a>\u00a0am 3.3.2013 stattfand. Im M\u00e4rz wurde dieser B\u00fcrgerentscheid mit der Fragestellung\u00a0<em>\u201eSoll am Giersberg\/Bickenreute eine Trainings- und Wettkampfsportst\u00e4tte f\u00fcr Mountainbiker (Bike-Arena) eingerichtet werden?\u201c<strong>\u00a0<\/strong><\/em>mehrheitlich abgelehnt &#8211; zur gro\u00dfen Entt\u00e4uschung der sportbegeisterten Jugend. Was w\u00e4re, wenn? Was w\u00e4re, wenn<br \/>\n(1) die Jugendlichen zwischen 16 und 18 Jahren damals \u00fcber ihre MTB-Strecke\u00a0h\u00e4tten mitw\u00e4hlen k\u00f6nnen?<br \/>\n(2) in der o.a. Fragestellung das Wort &#8222;Bike-Arena&#8220; fairerweise gestrichen worden w\u00e4re, da diese &#8222;Bike-Arena&#8220; gem\u00e4\u00df\u00a0vorherigem Kirchzartener Gemeinderatsbeschluss \u00fcberhaupt nicht verwirklicht wird, also nur Verwirrung und Verf\u00e4lschung bewirkt?<br \/>\nH\u00e4tte sich unter diesen Voraussetzungen nicht eine Mehrheit positiv entschieden &#8211; f\u00fcr die bikende Jugend und f\u00fcr den Dorffrieden in Kichzarten? So aber bleibt: In einem ringsum von viel Wald umgebenen Ort wie\u00a0Kirchzarten ist kein einziges St\u00fcckchen Wald (mit Anbindung zum SV-Stadion) frei f\u00fcr die eigene MTB-begeisterte Jugend.<\/p>\n","protected":false},"excerpt":{"rendered":"<p>Der Landtag von Baden-W\u00fcrttemberg hat am 11.4.2013 das Wahlalter auf kommunaler Ebene von 18 auf 16 Jahre gesenkt. Jugendliche k\u00f6nnen also ab 16 bei den Wahlen zu Gemeinder\u00e4ten und Kreistagen wie auch B\u00fcrgerentscheiden\u00a0mitmachen. Das passive Wahlrecht bleibt bei 18 Jahren. &hellip; <a href=\"https:\/\/www.freiburg-schwarzwald.de\/blog\/mit-16-jahren-zur-kommunalwahl\/\">Weiterlesen <span class=\"meta-nav\">&rarr;<\/span><\/a><\/p>\n","protected":false},"author":4,"featured_media":0,"comment_status":"open","ping_status":"closed","sticky":false,"template":"","format":"standard","meta":{"footnotes":""},"categories":[75,181,50,60,124],"tags":[76,70],"class_list":["post-27030","post","type-post","status-publish","format-standard","hentry","category-biken","category-buergerbeteiligung","category-dreisamtal","category-jugend","category-sportvereine-vereine","tag-bike-arena","tag-jugendsport"],"_links":{"self":[{"href":"https:\/\/www.freiburg-schwarzwald.de\/blog\/wp-json\/wp\/v2\/posts\/27030","targetHints":{"allow":["GET"]}}],"collection":[{"href":"https:\/\/www.freiburg-schwarzwald.de\/blog\/wp-json\/wp\/v2\/posts"}],"about":[{"href":"https:\/\/www.freiburg-schwarzwald.de\/blog\/wp-json\/wp\/v2\/types\/post"}],"author":[{"embeddable":true,"href":"https:\/\/www.freiburg-schwarzwald.de\/blog\/wp-json\/wp\/v2\/users\/4"}],"replies":[{"embeddable":true,"href":"https:\/\/www.freiburg-schwarzwald.de\/blog\/wp-json\/wp\/v2\/comments?post=27030"}],"version-history":[{"count":0,"href":"https:\/\/www.freiburg-schwarzwald.de\/blog\/wp-json\/wp\/v2\/posts\/27030\/revisions"}],"wp:attachment":[{"href":"https:\/\/www.freiburg-schwarzwald.de\/blog\/wp-json\/wp\/v2\/media?parent=27030"}],"wp:term":[{"taxonomy":"category","embeddable":true,"href":"https:\/\/www.freiburg-schwarzwald.de\/blog\/wp-json\/wp\/v2\/categories?post=27030"},{"taxonomy":"post_tag","embeddable":true,"href":"https:\/\/www.freiburg-schwarzwald.de\/blog\/wp-json\/wp\/v2\/tags?post=27030"}],"curies":[{"name":"wp","href":"https:\/\/api.w.org\/{rel}","templated":true}]}}