{"id":26917,"date":"2013-04-12T15:21:40","date_gmt":"2013-04-12T13:21:40","guid":{"rendered":"https:\/\/www.freiburg-schwarzwald.de\/blog\/?p=26917"},"modified":"2013-04-12T15:30:59","modified_gmt":"2013-04-12T13:30:59","slug":"betreuungsplaetze-unter-drei","status":"publish","type":"post","link":"https:\/\/www.freiburg-schwarzwald.de\/blog\/betreuungsplaetze-unter-drei\/","title":{"rendered":"Betreuungsplaetze unter Drei"},"content":{"rendered":"<p>Eine Klageflut, weil es zu wenige <a title=\"Krippen\" href=\"https:\/\/www.freiburg-schwarzwald.de\/blog\/religion\/kirchen\/weihnachten\/krippen\/\">Betreuungspl\u00e4tze<\/a> f\u00fcr Unter-Dreij\u00e4hrige gebe. Dieses m\u00f6gliche Szenario malte OB\u00a0 Dieter Salomon an die Wand. In <a title=\"Stadtfreiburg\" href=\"https:\/\/www.freiburg-schwarzwald.de\/blog\/regio\/freiburg\/stadtfreiburg\/\">Freiburg<\/a> habe man allerdings \u201edie Kinderbetreuung schon lange als wichtiges Thema auf der Agenda\u201c. Doch was hei\u00dft das? Es ist zweifelsohne zwingend n\u00f6tig, mehr Betreuungspl\u00e4tze f\u00fcr Unter-Dreij\u00e4hrige zu schaffen, wenn der Bedarf besteht. Davon ausgehen, <!--more-->dass nach und nach fast alle Eltern diesen Schritt gehen wollen, sollte man allerdings nicht. Eine neue, gro\u00dfe Umfrage der Zeitschrift \u201eEltern\u201c hat ergeben, dass fast die H\u00e4lfte der befragten Eltern f\u00fcr eine <strong>Job-Pause von drei oder mehr Jahren<\/strong> pl\u00e4dieren &#8211; auch wenn das als \u201eunmodern\u201c gilt. Und: Das unter Beschuss geratene <strong>Ehegattensplitting<\/strong> bef\u00fcrworten demnach sogar 81 Prozent. Was sagt uns das? Eltern wollen keine politische Indoktrination, sondern Angebote, die sie individuell nutzen oder es lassen k\u00f6nnen. Zurecht.<br \/>\n12.4.2013, Klartext von Stefan Ummenhofer, <a href=\"https:\/\/www.stadtkurier.de\">www.stadtkurier.de<\/a><\/p>\n<p>&nbsp;<\/p>\n<p align=\"left\"><strong>Betreuung garantiert &#8211; Rechtsanspruch f\u00fcr Pl\u00e4tze f\u00fcr Unter-Dreij\u00e4hrige\u00a0ab 1.8.2013<\/strong><\/p>\n<p>\u201eErwartet uns eine Klageflut. Oder wird es Demos geben, weil Kinder keinen Betreuungsplatz haben?\u201c Mit diesen Fragen besch\u00e4ftige sich die Stadt Freiburg momentan, sagte Oberb\u00fcrgermeister Dieter Salomon am gestrigen Mittwoch. Ab dem 1. August haben alle Eltern auch f\u00fcr ihre ein- und zweij\u00e4hrigen Kinder einen Rechtsanspruch auf einen Betreuungsplatz. Die Kommunen haben ein entsprechendes Platzangebot zur Verf\u00fcgung zu stellen. Salomon ist guten Mutes. \u201eFreiburg ist auf einem sehr guten Weg, weil wir die Kinderbetreuung schon lange als wichtiges Thema auf der Agenda haben.\u201c<br \/>\nW\u00e4hrend man im bundesdeutschen Schnitt davon ausgeht, dass rund 35 Prozent aller Eltern eine externe Betreuung f\u00fcr ihre unter-Dreij\u00e4hrigen in Anspruch nehmen wollen, rechnet\u00a0 das Amt f\u00fcr Kinder, Jugend und Famile (AKI) f\u00fcr Freiburg aufgrund von Elternanfragen mit rund 50 Prozent, erkl\u00e4rt die zust\u00e4ndige B\u00fcrgermeisterin Gerda Stuchlik. Momentan liege die Quote stadtweit bei 38 Pozent. Marianne Haardt, Leiterin des AKI, f\u00fcgt hinzu: \u201eDiese Quote ist innerhalb der Stadtteile sehr unterschiedlich.\u201c Diese schwanke zwischen dem Spitzenreiter <a title=\"Vauban\" href=\"https:\/\/www.freiburg-schwarzwald.de\/blog\/regio\/freiburg\/vauban\/\">Vauban<\/a> mit 73 Prozent und <a title=\"Haslach\" href=\"https:\/\/www.freiburg-schwarzwald.de\/blog\/regio\/freiburg\/haslach\/\">Haslach<\/a> mit nur 16 Prozent. Nachbesserungsbedarf gebe es zudem in den Stadtteilen Rieselfeld, Z\u00e4hringen, Wiehre, Hochdorf, Br\u00fchl-Beurbarung und St\u00fchlinger. Zumutbar sei jedoch eine Anfahrtszeit von 30 Minuten \u2013 und das bedeute eigentlich in Freiburg ist alles zumutbar.<br \/>\nDerzeit gebe es mindestens 2.448 Pl\u00e4tze f\u00fcr unter-Dreij\u00e4hrige, inklusive der Pl\u00e4tze in Spielgruppen und Pl\u00e4tze in der Tagespflege. \u201eGesamtst\u00e4dtisch besteht in den Jahren 2013 und 2014 voraussichtlich noch Ausbaubedarf von insgesamt 900 neuen Pl\u00e4tzen f\u00fcr unter-Dreij\u00e4hrige\u201c, so Stuchlik. Abz\u00fcglich der Landesf\u00f6rderung in H\u00f6he von 83 Prozent der Kosten habe die Stadt einen Gesamtaufwand in H\u00f6he von rund 4 Millionen Euro om Jahr 2013, rund 5,5 Milionen in 2014, meint Salomon. \u201eEin Kraftakt, aber politisch der richtige Weg\u201c, so Salomon. Auch in die Betreuung der Schulkinder m\u00f6chte die Stadt investieren. Denn viele f\u00fchlten sich w\u00e4hrend der Kindergartenzeit gut betreut und seien dann erstaunt, wenn das Kind nach der Schule bereits um 11.30 Uhr vor der T\u00fcr stehe. Um den genauen Bedarf zu ermitteln wurde gestern die bestehende Platzb\u00f6rse zu einer zentralen Anlaufstelle erweitert, die \u201eIBV-Kinderbetreuung\u201c. Haardt appelliert an alle Eltern sich dorthin zu wenden. \u201eNur so kann das Angebot an die tats\u00e4chlichen Bed\u00fcrfnisse der Eltern und Kinder angepasst werden.\u201c Die IBV Kinderbetreuung ist zu finden im Fahnenbergplatz 4, Zimmer 145, Telefon: 0761\/201-8408 oder <a href=\"mailto:kitaplatzvermittlung@stadt.freiburg.de\">kitaplatzvermittlung@stadt.freiburg.de<\/a><br \/>\nKatrin Hauf, 12.4.2013, <a href=\"https:\/\/www.stadtkurier.de\">www.stadtkurier.de<\/a>\u00a0<strong> <\/strong><\/p>\n","protected":false},"excerpt":{"rendered":"<p>Eine Klageflut, weil es zu wenige Betreuungspl\u00e4tze f\u00fcr Unter-Dreij\u00e4hrige gebe. Dieses m\u00f6gliche Szenario malte OB\u00a0 Dieter Salomon an die Wand. In Freiburg habe man allerdings \u201edie Kinderbetreuung schon lange als wichtiges Thema auf der Agenda\u201c. Doch was hei\u00dft das? Es &hellip; <a href=\"https:\/\/www.freiburg-schwarzwald.de\/blog\/betreuungsplaetze-unter-drei\/\">Weiterlesen <span class=\"meta-nav\">&rarr;<\/span><\/a><\/p>\n","protected":false},"author":4,"featured_media":0,"comment_status":"open","ping_status":"closed","sticky":false,"template":"","format":"standard","meta":{"footnotes":""},"categories":[58,49,93],"tags":[368,488,721,152],"class_list":["post-26917","post","type-post","status-publish","format-standard","hentry","category-familie","category-freiburg","category-kindergarten","tag-baby","tag-child","tag-kindergarten","tag-kita"],"_links":{"self":[{"href":"https:\/\/www.freiburg-schwarzwald.de\/blog\/wp-json\/wp\/v2\/posts\/26917","targetHints":{"allow":["GET"]}}],"collection":[{"href":"https:\/\/www.freiburg-schwarzwald.de\/blog\/wp-json\/wp\/v2\/posts"}],"about":[{"href":"https:\/\/www.freiburg-schwarzwald.de\/blog\/wp-json\/wp\/v2\/types\/post"}],"author":[{"embeddable":true,"href":"https:\/\/www.freiburg-schwarzwald.de\/blog\/wp-json\/wp\/v2\/users\/4"}],"replies":[{"embeddable":true,"href":"https:\/\/www.freiburg-schwarzwald.de\/blog\/wp-json\/wp\/v2\/comments?post=26917"}],"version-history":[{"count":0,"href":"https:\/\/www.freiburg-schwarzwald.de\/blog\/wp-json\/wp\/v2\/posts\/26917\/revisions"}],"wp:attachment":[{"href":"https:\/\/www.freiburg-schwarzwald.de\/blog\/wp-json\/wp\/v2\/media?parent=26917"}],"wp:term":[{"taxonomy":"category","embeddable":true,"href":"https:\/\/www.freiburg-schwarzwald.de\/blog\/wp-json\/wp\/v2\/categories?post=26917"},{"taxonomy":"post_tag","embeddable":true,"href":"https:\/\/www.freiburg-schwarzwald.de\/blog\/wp-json\/wp\/v2\/tags?post=26917"}],"curies":[{"name":"wp","href":"https:\/\/api.w.org\/{rel}","templated":true}]}}