{"id":26853,"date":"2013-04-09T16:40:59","date_gmt":"2013-04-09T14:40:59","guid":{"rendered":"https:\/\/www.freiburg-schwarzwald.de\/blog\/?p=26853"},"modified":"2013-05-11T15:29:34","modified_gmt":"2013-05-11T13:29:34","slug":"christian-wulff-korruption","status":"publish","type":"post","link":"https:\/\/www.freiburg-schwarzwald.de\/blog\/christian-wulff-korruption\/","title":{"rendered":"Christian Wulff &#8211; Korruption"},"content":{"rendered":"<p>Der fr\u00fchere Bundespr\u00e4sident Christian Wulff\u00a0lehnte am 9.4.2013 &#8211; fast\u00a014 Monate nach seinem Amtsr\u00fccktritt am 17.2.2012 &#8211; den von\u00a0der Staatsanwaltschaft Hannover angebotenen Deal ab, die <a title=\"Korruption\" href=\"https:\/\/www.freiburg-schwarzwald.de\/blog\/engagement\/zukunft\/korruption\/\">Korruptionsermittlungen<\/a> gegen Zahlung von 20000 Euro einzustellen. Ein <a title=\"Justiz\" href=\"https:\/\/www.freiburg-schwarzwald.de\/blog\/selbsthilfe\/soziales\/justiz\/\">\u00f6ffentlcher Prozess <\/a>wird wahrscheinlich, Wulff muss\u00a0mit einer Anklage wegen Bestechlichkeit\u00a0rechnen.<!--more--><\/p>\n<p><strong>Der Fall Wulf: Die Zweifel werden bleiben<\/strong><br \/>\nSo gesehen ist es gut, dass unabh\u00e4ngige Richter den Vorwurf noch einmal \u00fcberpr\u00fcfen. Die \u00fcbrigen Vorw\u00fcrfe aber, die nichtjustiziablen Fehlleistungen Wulffs, werden in Erinnerung bleiben: sein Versuch, Journalisten unter Druck zu setzen, sein salamitaktisches Verst\u00e4ndnis von Wahrheit, seine offenkundige Abh\u00e4ngigkeit von merkw\u00fcrdigen Freunden. Hinterher ist man immer kl\u00fcger, lieber h\u00e4tte man es schon vorher gesehen: Wulff war der falsche Mann am falschen Platz. Er hat nicht das Format f\u00fcr dieses Amt&#8230;. Alles vom 10.4.2013 bitte lesen auf<br \/>\n\u00a0<a href=\"https:\/\/www.badische-zeitung.de\/kommentare-1\/der-fall-wulff-die-zweifel-werden-bleiben--70767955.html\">https:\/\/www.badische-zeitung.de\/kommentare-1\/der-fall-wulff-die-zweifel-werden-bleiben&#8211;70767955.html<\/a><\/p>\n<p>&#8222;Die exzessive Verschuldung in Deutschland ist ein Problem, weil wir immer mehr Schulden machen.&#8220;<br \/>\nChristian Wulff am 9.5.2013 in einer Rede bei der deutsch-japanischen Gesellschaft.<\/p>\n","protected":false},"excerpt":{"rendered":"<p>Der fr\u00fchere Bundespr\u00e4sident Christian Wulff\u00a0lehnte am 9.4.2013 &#8211; fast\u00a014 Monate nach seinem Amtsr\u00fccktritt am 17.2.2012 &#8211; den von\u00a0der Staatsanwaltschaft Hannover angebotenen Deal ab, die Korruptionsermittlungen gegen Zahlung von 20000 Euro einzustellen. Ein \u00f6ffentlcher Prozess wird wahrscheinlich, Wulff muss\u00a0mit einer Anklage &hellip; <a href=\"https:\/\/www.freiburg-schwarzwald.de\/blog\/christian-wulff-korruption\/\">Weiterlesen <span class=\"meta-nav\">&rarr;<\/span><\/a><\/p>\n","protected":false},"author":4,"featured_media":0,"comment_status":"open","ping_status":"closed","sticky":false,"template":"","format":"standard","meta":{"footnotes":""},"categories":[371],"tags":[484,492],"class_list":["post-26853","post","type-post","status-publish","format-standard","hentry","category-justiz","tag-kommune","tag-korrupt"],"_links":{"self":[{"href":"https:\/\/www.freiburg-schwarzwald.de\/blog\/wp-json\/wp\/v2\/posts\/26853","targetHints":{"allow":["GET"]}}],"collection":[{"href":"https:\/\/www.freiburg-schwarzwald.de\/blog\/wp-json\/wp\/v2\/posts"}],"about":[{"href":"https:\/\/www.freiburg-schwarzwald.de\/blog\/wp-json\/wp\/v2\/types\/post"}],"author":[{"embeddable":true,"href":"https:\/\/www.freiburg-schwarzwald.de\/blog\/wp-json\/wp\/v2\/users\/4"}],"replies":[{"embeddable":true,"href":"https:\/\/www.freiburg-schwarzwald.de\/blog\/wp-json\/wp\/v2\/comments?post=26853"}],"version-history":[{"count":0,"href":"https:\/\/www.freiburg-schwarzwald.de\/blog\/wp-json\/wp\/v2\/posts\/26853\/revisions"}],"wp:attachment":[{"href":"https:\/\/www.freiburg-schwarzwald.de\/blog\/wp-json\/wp\/v2\/media?parent=26853"}],"wp:term":[{"taxonomy":"category","embeddable":true,"href":"https:\/\/www.freiburg-schwarzwald.de\/blog\/wp-json\/wp\/v2\/categories?post=26853"},{"taxonomy":"post_tag","embeddable":true,"href":"https:\/\/www.freiburg-schwarzwald.de\/blog\/wp-json\/wp\/v2\/tags?post=26853"}],"curies":[{"name":"wp","href":"https:\/\/api.w.org\/{rel}","templated":true}]}}