{"id":26750,"date":"2013-04-10T19:39:08","date_gmt":"2013-04-10T17:39:08","guid":{"rendered":"https:\/\/www.freiburg-schwarzwald.de\/blog\/?p=26750"},"modified":"2013-04-10T19:39:08","modified_gmt":"2013-04-10T17:39:08","slug":"kontaktstelle-frau-und-beruf-fr","status":"publish","type":"post","link":"https:\/\/www.freiburg-schwarzwald.de\/blog\/kontaktstelle-frau-und-beruf-fr\/","title":{"rendered":"Kontaktstelle Frau und Beruf FR"},"content":{"rendered":"<p>Von der Stra\u00dfenbahnfahrerin bis zur Naturwissenschaftlerin \u2013 die Veranstaltungsreihe \u201eFirmenansichten\u201c der st\u00e4dt\u00adi\u00adsch\u00aden Kontaktstelle &#8222;Frau und Beruf&#8220;\u00a0 zeigt <a title=\"Duale Bildung\" href=\"https:\/\/www.freiburg-schwarzwald.de\/blog\/bildung\/duale-bildung\/\">Besch\u00e4ftigungs-<\/a> und <a title=\"Facharbeiter\" href=\"https:\/\/www.freiburg-schwarzwald.de\/blog\/bildung\/duale-bildung\/facharbeiter\/\">Ausbildungsm\u00f6glichkeiten<\/a> bei Arbeitgebern in Frei\u00adburg. Regionale Unternehmen \u00f6ffnen hier ihre T\u00fcren f\u00fcr <a title=\"Frauen\" href=\"https:\/\/www.freiburg-schwarzwald.de\/blog\/selbsthilfe\/frauen\/\">Frau\u00aden<\/a>, die sich f\u00fcr eine T\u00e4tigkeit in dieser Branche in\u00adteress\u00adieren. Sie erhalten vor Ort einen Einblick in die Praxis <!--more-->und kommen mit Personalverantwortlichen ins Gespr\u00e4ch. So k\u00f6nnen sich die Frauen \u00fcber T\u00e4tigkeiten, Einstiegswege und Anforderungen in den Unternehmen informieren.<br \/>\nDer erste Firmenbesuch findet am Donnerstag, 25. April 2013, von 9.30 bis 11.30 Uhr in der Sparkasse Freiburg statt, die vor allem Besch\u00e4ftigung f\u00fcr Bankkaufleute bietet.<br \/>\nIm Mai gibt es dann die Gelegenheit zu einem Besuch bei der Freiburger Verkehrs AG. Hier wird u. a. vorgestellt, wie \u201efrau\u201c Stra\u00dfenbahnfahrerin werden kann.<br \/>\nDas \u00d6koinstitut, Koko &amp; Dtk Entertainment GmbH und die Zelt-Musik-Festival GmbH stehen au\u00dferdem auf dem Pro\u00adgramm.<br \/>\nDa die Zahl der Pl\u00e4tze bei den Firmenbesuchen begrenzt und die Nachfrage gro\u00df ist, m\u00fcssen sich Interessentinnen an\u00admelden. Das\u00a0Programm mit allen\u00a0Infos gibt es bei der B\u00fcrgerberatung im Rathaus und ider Kontaktstelle:<br \/>\nKontaktstelle Frau und Beruf, Schlossbergring 1,<br \/>\nTel 0761\/201 \u2013 17 31,\u00a0 <a href=\"https:\/\/www.frauenundberuf.freiburg.de\">www.frauenundberuf.freiburg.de<\/a>.<\/p>\n<p>10.4.2013, Gisela Heizler-Ries, Littenweiler Dorfblatt<\/p>\n<p align=\"right\">hr.<\/p>\n","protected":false},"excerpt":{"rendered":"<p>Von der Stra\u00dfenbahnfahrerin bis zur Naturwissenschaftlerin \u2013 die Veranstaltungsreihe \u201eFirmenansichten\u201c der st\u00e4dt\u00adi\u00adsch\u00aden Kontaktstelle &#8222;Frau und Beruf&#8220;\u00a0 zeigt Besch\u00e4ftigungs- und Ausbildungsm\u00f6glichkeiten bei Arbeitgebern in Frei\u00adburg. Regionale Unternehmen \u00f6ffnen hier ihre T\u00fcren f\u00fcr Frau\u00aden, die sich f\u00fcr eine T\u00e4tigkeit in dieser Branche &hellip; <a href=\"https:\/\/www.freiburg-schwarzwald.de\/blog\/kontaktstelle-frau-und-beruf-fr\/\">Weiterlesen <span class=\"meta-nav\">&rarr;<\/span><\/a><\/p>\n","protected":false},"author":4,"featured_media":0,"comment_status":"open","ping_status":"closed","sticky":false,"template":"","format":"standard","meta":{"footnotes":""},"categories":[4,425,59],"tags":[424,418],"class_list":["post-26750","post","type-post","status-publish","format-standard","hentry","category-branchen","category-duale-bildung","category-frauen","tag-azubi","tag-beruf"],"_links":{"self":[{"href":"https:\/\/www.freiburg-schwarzwald.de\/blog\/wp-json\/wp\/v2\/posts\/26750","targetHints":{"allow":["GET"]}}],"collection":[{"href":"https:\/\/www.freiburg-schwarzwald.de\/blog\/wp-json\/wp\/v2\/posts"}],"about":[{"href":"https:\/\/www.freiburg-schwarzwald.de\/blog\/wp-json\/wp\/v2\/types\/post"}],"author":[{"embeddable":true,"href":"https:\/\/www.freiburg-schwarzwald.de\/blog\/wp-json\/wp\/v2\/users\/4"}],"replies":[{"embeddable":true,"href":"https:\/\/www.freiburg-schwarzwald.de\/blog\/wp-json\/wp\/v2\/comments?post=26750"}],"version-history":[{"count":0,"href":"https:\/\/www.freiburg-schwarzwald.de\/blog\/wp-json\/wp\/v2\/posts\/26750\/revisions"}],"wp:attachment":[{"href":"https:\/\/www.freiburg-schwarzwald.de\/blog\/wp-json\/wp\/v2\/media?parent=26750"}],"wp:term":[{"taxonomy":"category","embeddable":true,"href":"https:\/\/www.freiburg-schwarzwald.de\/blog\/wp-json\/wp\/v2\/categories?post=26750"},{"taxonomy":"post_tag","embeddable":true,"href":"https:\/\/www.freiburg-schwarzwald.de\/blog\/wp-json\/wp\/v2\/tags?post=26750"}],"curies":[{"name":"wp","href":"https:\/\/api.w.org\/{rel}","templated":true}]}}