{"id":26717,"date":"2013-04-10T18:28:36","date_gmt":"2013-04-10T16:28:36","guid":{"rendered":"https:\/\/www.freiburg-schwarzwald.de\/blog\/?p=26717"},"modified":"2013-04-10T18:28:36","modified_gmt":"2013-04-10T16:28:36","slug":"getec-mit-immo-messe-fr","status":"publish","type":"post","link":"https:\/\/www.freiburg-schwarzwald.de\/blog\/getec-mit-immo-messe-fr\/","title":{"rendered":"GETEC mit IMMO Messe FR"},"content":{"rendered":"<p><a title=\"Energiesparen\" href=\"https:\/\/www.freiburg-schwarzwald.de\/blog\/energie\/energiesparen\/\">Energiesparend<\/a> Bauen und Sanieren leicht gemacht. Die 6. Geb\u00e4ude.Energie.Technik (GETEC) vom 12. bis 14. April zeigt Wege zum <a title=\"Verbraucher\" href=\"https:\/\/www.freiburg-schwarzwald.de\/blog\/engagement\/verbraucher\/\">energieeffizienten Geb\u00e4ude<\/a>, die IMMO am 13. und 14. April in Halle 1 der Freiburger Messe am Flugplatz erg\u00e4nzt die GETEC und vermittelt einen kompakten, umfassenden \u00dcberblick \u00fcber das Angebot der regionalen <a title=\"Immobilien\" href=\"https:\/\/www.freiburg-schwarzwald.de\/blog\/business\/dienste\/immobilien\/\">Immobilienbranche<\/a>.<!--more--><\/p>\n<p>Die GETEC ist die f\u00fchrende Messe f\u00fcr den privaten aber auch gewerblichen Bauherren, f\u00fcr Bautr\u00e4ger und Immobilienbesitzer, f\u00fcr Architekten, Handwerker etc. im S\u00fcdwesten. Dienstleistungen und Produkte f\u00fcr effizientes Modernisieren, Sanieren und Bauen stehen ebenso im Mittelpunkt wie erneuerbare Energien. In Fachvortr\u00e4gen, Seminaren, in Gespr\u00e4chen mit Energieberatern kann sich der Messebesucher umfassend informieren. Passend zum Vortragsprogramm werden themenspezifische gef\u00fchrte Messe-Rundg\u00e4nge angeboten. Die gesetzlichen Vorschriften rund um das Bauen und Sanieren werden weiter versch\u00e4rft. Aktuell ist die n\u00e4chste Stufe der Energieeinsparverordnung (EnEV) im Gesetzgebungsverfahren. Hier ist eine weitere Versch\u00e4rfung der energetischen Anforderungen um rund 12,5 Prozent geplant. Wer sich rechtzeitig dar\u00fcber kundig machen m\u00f6chte, findet auf der Geb\u00e4ude.Energie.Technik kompetente Ansprechpartner und Beratung.<br \/>\nDas Herzst\u00fcck der Messe ist der \u201eMarktplatz Energieberatung\u201c, die zentrale Anlaufstelle f\u00fcr alle themenbezogene Fragen. Hier geben mehr als 40 Energieberater aus der Region privaten wie gewerblichen Bauherren in halbst\u00fcndigen, kostenfreien Erstberatungen individuelle Tipps zu konkreten Projekten. Anmeldungen unter www.getec-freiburg.de oder unter Tel. 0761 &#8211; 79 17 70.<br \/>\nErstmals auf der GETEC veranstalten das Enterprise Europe Network und die Au\u00dfenwirtschaft der IHK S\u00fcdlicher Oberrhein gemeinsam mit der Chambre de Commerce et d\u2019Industrie de R\u00e9gion ALSACE am Freitag, 12. April von 09 bis 17.30 Uhr eine deutsch-franz\u00f6sische Kooperationsb\u00f6rse.<br \/>\nDie IMMO 2013 in Halle 1 erg\u00e4nzend die GETEC am 13. und 14. April und vermittelt einen kompakten, umfassenden \u00dcberblick \u00fcber das Angebot der regionalen Immobilienbranche.<br \/>\n9.4.2013, <a href=\"https:\/\/www.getec-freiburg.de\/\">www.getec-freiburg.de<\/a> ,\u00a0 <a href=\"https:\/\/www.immo-messe.freiburg.de\/\">www.immo-messe.freiburg.de<\/a><\/p>\n","protected":false},"excerpt":{"rendered":"<p>Energiesparend Bauen und Sanieren leicht gemacht. Die 6. Geb\u00e4ude.Energie.Technik (GETEC) vom 12. bis 14. April zeigt Wege zum energieeffizienten Geb\u00e4ude, die IMMO am 13. und 14. April in Halle 1 der Freiburger Messe am Flugplatz erg\u00e4nzt die GETEC und vermittelt &hellip; <a href=\"https:\/\/www.freiburg-schwarzwald.de\/blog\/getec-mit-immo-messe-fr\/\">Weiterlesen <span class=\"meta-nav\">&rarr;<\/span><\/a><\/p>\n","protected":false},"author":4,"featured_media":0,"comment_status":"open","ping_status":"closed","sticky":false,"template":"","format":"standard","meta":{"footnotes":""},"categories":[5,90,427],"tags":[397,151],"class_list":["post-26717","post","type-post","status-publish","format-standard","hentry","category-energie","category-immobilien","category-markt","tag-ausstellung","tag-erneuerbare-energien"],"_links":{"self":[{"href":"https:\/\/www.freiburg-schwarzwald.de\/blog\/wp-json\/wp\/v2\/posts\/26717","targetHints":{"allow":["GET"]}}],"collection":[{"href":"https:\/\/www.freiburg-schwarzwald.de\/blog\/wp-json\/wp\/v2\/posts"}],"about":[{"href":"https:\/\/www.freiburg-schwarzwald.de\/blog\/wp-json\/wp\/v2\/types\/post"}],"author":[{"embeddable":true,"href":"https:\/\/www.freiburg-schwarzwald.de\/blog\/wp-json\/wp\/v2\/users\/4"}],"replies":[{"embeddable":true,"href":"https:\/\/www.freiburg-schwarzwald.de\/blog\/wp-json\/wp\/v2\/comments?post=26717"}],"version-history":[{"count":0,"href":"https:\/\/www.freiburg-schwarzwald.de\/blog\/wp-json\/wp\/v2\/posts\/26717\/revisions"}],"wp:attachment":[{"href":"https:\/\/www.freiburg-schwarzwald.de\/blog\/wp-json\/wp\/v2\/media?parent=26717"}],"wp:term":[{"taxonomy":"category","embeddable":true,"href":"https:\/\/www.freiburg-schwarzwald.de\/blog\/wp-json\/wp\/v2\/categories?post=26717"},{"taxonomy":"post_tag","embeddable":true,"href":"https:\/\/www.freiburg-schwarzwald.de\/blog\/wp-json\/wp\/v2\/tags?post=26717"}],"curies":[{"name":"wp","href":"https:\/\/api.w.org\/{rel}","templated":true}]}}