{"id":26706,"date":"2013-04-10T17:57:28","date_gmt":"2013-04-10T15:57:28","guid":{"rendered":"https:\/\/www.freiburg-schwarzwald.de\/blog\/?p=26706"},"modified":"2013-04-17T18:25:26","modified_gmt":"2013-04-17T16:25:26","slug":"windkraft-standorte-dreisamtal","status":"publish","type":"post","link":"https:\/\/www.freiburg-schwarzwald.de\/blog\/windkraft-standorte-dreisamtal\/","title":{"rendered":"Windkraft-Standorte Dreisamtal"},"content":{"rendered":"<p>Laut Gemeindeverwaltungsverband <a title=\"Dreisamtal\" href=\"https:\/\/www.freiburg-schwarzwald.de\/blog\/regio\/tal\/dreisamtal\/\">Dreisamtal<\/a> haben von 14 beantragten <a title=\"Wind\" href=\"https:\/\/www.freiburg-schwarzwald.de\/blog\/energie\/wind\/\">Windkraft<\/a>-Standorten im Hinblick auf beh\u00f6rdliche Restriktionen\u00a0\u00fcberhaupt nur 6 Standorte Aussicht auf\u00a0Genehmigung &#8211;\u00a0so Ex-BGM Winterhalter mit Bedauern auf der <a title=\"Dreisamtal-Windraeder windlos\" href=\"https:\/\/www.freiburg-schwarzwald.de\/blog\/dreisamtal-windraeder-windlos\/\">Sitzung<\/a>. Haupteinwand <a title=\"Naturschutz contra Wind Klima\" href=\"https:\/\/www.freiburg-schwarzwald.de\/blog\/naturschutz-contra-wind-klima\/\">Naturschutz<\/a>\u00a0(Auerhuhn, &#8230;). <!--more--><\/p>\n<p><a href=\"https:\/\/www.freiburg-schwarzwald.de\/blog\/dreisamtal-windraeder-windlos\/\">https:\/\/www.freiburg-schwarzwald.de\/blog\/dreisamtal-windraeder-windlos\/<\/a>\u00a0(27.3.2013)<\/p>\n<p><strong>Zu viele Einw\u00e4nde behindern die Energiewende<br \/>\n<\/strong>Die gr\u00fcn-rote Landesregierung hat die F\u00f6rderung der erneuerbaren Energien auf ihre Fahne geschrieben. Die z\u00f6gerlichen Regionalverb\u00e4nde sind durch kommunale Planungsgemeinschaften abgel\u00f6st worden. Vor Jahren wurde die Windkraft im Dreisamtal durch den ehemaligen Landrat und den ehemaligen Ministerpr\u00e4sidenten verhindert. Jetzt scheinen untere Beh\u00f6rden deren Aufgabe \u00fcbernommen zu haben.<br \/>\nDer Gemeindeverwaltungsverband Dreisamtal hat auf seiner letzten Sitzung zur Kenntnis nehmen m\u00fcssen, dass von 14 beantragten Standorten f\u00fcr Windkraftanlagen im Hinblick auf beh\u00f6rdliche Restriktionen nur 6 Aussicht auf eine Genehmigung haben. Dies hat B\u00fcrgermeister Winterhalter mit Bedauern festgestellt. Die zugrundegelegten Kriterien sind aber \u00fcberhaupt nicht zur Diskussion gestellt worden. Der Gesichtspunkt nahe gelegene Wohngebiete ist unmittelbar einsichtig, der des L\u00e4rmschutzes f\u00e4llt nicht allzu sehr ins Gewicht. \u00dcber alle Diskussion erhaben stellt sich jedoch der Naturschutz dar. Da muss insbesondere das Auerhuhn herhalten, das m\u00f6glicherweise auf dem Hochfahrn vorkommen k\u00f6nnte. Hat man aber genau untersucht, wie weit sich dieser Vogel von Rotoren gest\u00f6rt f\u00fchlt? Ein gro\u00dfer St\u00f6rfaktor werden sicherlich Bauarbeiten sein, die jedoch zeitlich sehr begrenzt sind. Zwischenzeitlich wird sich das Auerhuhn in ein entfernteres Gebiet zur\u00fcckziehen, kann jedoch dann wieder ohne weiteres zur\u00fcckkehren. Die Fl\u00fcgel der Windr\u00e4der werden kaum mit den Fl\u00fcgeln des Auerhuhns in Ber\u00fchrung kommen. Noch weniger \u00fcberzeugt das Flora-Fauna-Habitat Fl\u00fcgelginsterweide als Ausschlusskriterium f\u00fcr eine Windkraftanlage beispielsweise auf dem Hinterwaldkopf. Solch eine Anlage bedeutet doch nicht, dass die gesamte Fl\u00e4che radikal in Mitleidenschaft gezogen w\u00fcrde.<br \/>\nDie acht \u00fcbrig gebliebenen Standorte sollen jetzt auch noch \u00fcberpr\u00fcft werden im Hinblick auf das Landschaftsbild anhand von Sichtbarkeitsanalysen. Wieso d\u00fcrfen Kraftwerke nicht sichtbar sein? Sind Atomkraft- und Kohlekraftwerke unsichtbar? Hat bei ihrem Bau das Landschaftsbild eine Rolle gespielt? Versch\u00f6nern \u00dcberlandleitungen mit den dazugeh\u00f6rigen Schneisen das Landschaftsbild? Und welche Rolle soll der Vogelschutz spielen? Der Rote Milan mag am Hundsr\u00fccken gesichtet worden sein. Ich pers\u00f6nlich habe ihn aber auch zwischen Dietenbach und Geroldstal und \u00fcber dem Buchenbacher Tennisplatz beobachtet. Offenbar ist er nicht auf das Feldberggebiet angewiesen. Wenn man den Schutz der Vogelwelt ernst nehmen will, m\u00fcsste man den Autoverkehr auf allen Stra\u00dfen drastisch einschr\u00e4nken.<br \/>\nDie Windkraft ist unstrittig die effektivste Form der erneuerbaren Energien. F\u00fcr ihren Ausbau lohnt es sich zu k\u00e4mpfen. Da muss man Gemeinder\u00e4tin Zentgraf beipflichten Es darf nicht dabei bleiben, dass auf den windh\u00f6ffigsten Lagen keine Windkraftanlagen stehen.<br \/>\n10.4.2013, Herwig Wulf, Kirchzarten, <a href=\"https:\/\/www.dreisamtaeler.de\">www.dreisamtaeler.de<\/a><br \/>\n\u00a0<\/p>\n<p><strong>Befangenheit im Gemeinderat? &#8211; Landschaftsschutz contra Windrad<\/strong><br \/>\nWenn ein Gemeinderat oder ein Gemeindeverwaltungsverband z. B. eine Bausache ber\u00e4t, dann pflegen befangene Vertreter von sich aus den Saal zu verlassen und an den Beratungen und Beschl\u00fcssen nicht teilzunehmen. Es soll schon der\u00a0 Anschein einer unzul\u00e4ssigen Vorteilsgestaltung ihrer Gesch\u00e4fte vermieden werden. So geschah es jedoch nicht im Falle der Frau Zentgraf. Bei der Beratung und Beschlussfassung zu Windkraftstandorten im Dreisamtal nimmt sie, wie \u201eDer Dreisamt\u00e4ler\u201c eingehend berichtet, massiv Einfluss. Nach unserer Meinung ist das unzul\u00e4ssig und Beschl\u00fcsse werden ung\u00fcltig. Denn einmal steht Frau Zentgraf dem Wind-Unternehmer Markowsky pers\u00f6nlich nahe und zweitens verdient sie offensichtlich mit als Beteiligte der Firma \u00d6kostromgruppe FR sowie der Regiowind-Gesellschaften als deren Prokuristin sie zitiert wird (Chilli\/Das Freiburger Stadtmagazin, 9. 12. 2012, usw.). F\u00fcr sie gelten diese Vorschriften genauso wie etwa f\u00fcr Grundst\u00fccksbesitzer, deren \u00c4cker als Pachtfl\u00e4che in Betracht kommen.<br \/>\nAnscheinend hat sie bereits ihre Parteifreunde angesteckt. Diese, die mehr Windkraft im Dreisamtal w\u00fcnschen, sollten auch die Tatsache beachten, dass das Klima nicht gesch\u00fctzt werden kann. Es unterliegt fortgesetzt starken und wechselhaften Ver\u00e4nderungen, ma\u00dfgeblich initiiert durch die Aktivit\u00e4ten der Sonne und besondere planetarische Konstellationen. Es gibt nach wie vor keinen einzigen Beweis, dass wegen menschlich verursachten Kohlendioxyds, das Klima w\u00e4rmer w\u00fcrde. Seit 12 Jahren sehen wir auch keinen Temperatur-Anstieg mehr. Klimaschutz rangiert somit keineswegs vor Natur- und Landschaftsschutz. Sie sind keine nachrangigen G\u00fcter. Sie k\u00f6nnen nicht als Opfergabe degradiert werden.<br \/>\nIm Gegenteil: Mit Blick auf die Zukunftsvorsorge \u2013 unsere lebenswerte Umwelt und Wirtschaftskraft, die wir daraus ziehen \u2013 ist es geradezu zwingend geboten, den Landschaftsschutz und den Naturschutz in und um das Dreisamtal gewissenhaft zu pflegen, wie wir das seit eh und je mit gro\u00dfem Erfolg getan haben. Den ersten Taten einer neugew\u00e4hlten, unerfahrenen Regierung zuliebe opfern wir keine seit \u00fcber 100 Jahren g\u00fcltige, wichtige und bew\u00e4hrte Prinzipien! So pl\u00f6tzliche Schwenks gehen nie gut. Deshalb k\u00f6nnen\u00a0 nach Recht und Gesetz die angeordneten Bem\u00fchungen der Gremien des Tales auch nur damit enden, dass nach gr\u00fcndlicher und kostentr\u00e4chtiger Suche keinerlei Standort gefunden wird, an dem man Betonmonster so hoch wie der Stuttgarter Fernsehturm errichten k\u00f6nnte, deren obere Bauteile auch noch st\u00e4ndig durch die Luft wirbeln und kreiseln (die Rotoren sind gr\u00f6\u00dfer als das gr\u00f6\u00dfte Flugzeug der Welt) und dabei Insekten, Flederm\u00e4use und V\u00f6gel vernichten, ja ausrotten und dazuhin noch nachts blinken.<br \/>\n10.4.2013, Dr. Elmar Klein, B\u00fcrgerinitiative zum Schutz des Hochschwarzwaldes e.V., <a href=\"https:\/\/www.dreisamtaeler.de\">www.dreisamtaeler.de<\/a> .<\/p>\n<p>Replik zum o.a. Beitrag: <a href=\"https:\/\/www.freiburg-schwarzwald.de\/blog\/energiewende-korrekte-info\/\">https:\/\/www.freiburg-schwarzwald.de\/blog\/energiewende-korrekte-info\/<\/a>\u00a0(17.4.2013)<\/p>\n<p>&nbsp;<\/p>\n<p><strong>BEG-Dreisamtal eG &#8211; Windpark in B\u00fcrgerhand<br \/>\n<\/strong>Wer f\u00fcr die Energiewende im Dreisamtal \u2013 durch B\u00fcrgerengagement streitet, muss sich mit Sonne, Wind, Wasser, Holz usw. und den Meinungen in der B\u00fcrgerschaft intensiv auseinandersetzen. Unsere Befragungen beim derzeit laufenden B\u00fcrger-Forum je Ortsteil und durch eine Online-Umfrage (<a href=\"https:\/\/www.beg-dreisamtal.eu\/\">www.beg-dreisamtal.eu<\/a>) haben ergeben, dass 85% f\u00fcr Windkraft und 15% mehr oder weniger dagegen sind. Deshalb pl\u00e4dieren wir f\u00fcr \u201eWindkraft mit Augenmass\u201c. ie Energiewende ist aber mehr als nur der Austausch von Kernkraft und Kohlekraftwerken durch erneuerbare Energien, weshalb eine Doppelstrategie verfolgt werden muss. Die derzeitigen Monopole der Energiekonzerne werden schrittweise dezentralisiert und gehen im B\u00fcrgerhand \u00fcber, ohne dass ein chinesischer Staatskapitalismus durch die Kommunen und deren Stadtwerke entsteht. Die zinsgeilen Investoren werden ersetzt durch ein gewaltiges privates Konjunktur- und Investitionsprogramm im Dreisamtal. Was tun?<br \/>\nEhe grosse Windparks entstehen sind die Bauherren und Kommunen gut beraten, vorher in Kleinanlagen zu investieren, um Praxiserfahrungen zu sammeln. Ideal sind Sonne-Windanlagen, lokal aus St. Georgen (<a href=\"https:\/\/www.wind-mobil.de\/\">www.wind-mobil.de<\/a>). Windanlagen unter 10 Meter H\u00f6he sind genehmigungsfrei, und unter 50 Meter sind nur TA-L\u00e4rm und baurechtliche Vorgaben zu befolgen. Fl\u00e4chen dazu gibt es zuhauf.\u00a0<br \/>\nF\u00fcr gr\u00f6ssere Windparks in B\u00fcrgerhand mit H\u00f6hen \u00fcber 50 Meter und Investitionen \u00fcber 2-3 Mio pro Windrad raten wir zu einem B\u00fcrgerentscheid im Dreisamtal \u00fcber Windkraft. Ohne dies w\u00fcrden wir von der BEG-Dreisamtal eG als potentieller Mit-Investor die Finger vom Projekt lassen, zu unsicher, zu langwierig, zu risikoreich. Zur Zeit vernetzen wir uns mit anderen Genossenschaften f\u00fcr Sonne-Wind-Wasser-Holz-Projekte und ein Energie-Kompetenz-Zentrum Dreisamtal.\u00a0<br \/>\nKleinanlagen Wind-Solar: <a href=\"https:\/\/www.wind-mobil.de\/\">https:\/\/www.wind-mobil.de\/<\/a><\/p>\n<p>B\u00fcrger Energie Genossenschaft Dreisamtal eG i.Gr.<br \/>\n<a href=\"mailto:goetz.baumeister@beg-dreisamtal.eu\">goetz.baumeister@beg-dreisamtal.eu<\/a>, <a href=\"https:\/\/www.beg-dreisamtal.eu\/\">www.beg-dreisamtal.eu<\/a><\/p>\n<p>10.4.2013, Goetz Mosig-Baumeister, <a href=\"https:\/\/www.dreisamtaeler.de\/\">www.dreisamtaeler.de<\/a><\/p>\n","protected":false},"excerpt":{"rendered":"<p>Laut Gemeindeverwaltungsverband Dreisamtal haben von 14 beantragten Windkraft-Standorten im Hinblick auf beh\u00f6rdliche Restriktionen\u00a0\u00fcberhaupt nur 6 Standorte Aussicht auf\u00a0Genehmigung &#8211;\u00a0so Ex-BGM Winterhalter mit Bedauern auf der Sitzung. Haupteinwand Naturschutz\u00a0(Auerhuhn, &#8230;).<\/p>\n","protected":false},"author":4,"featured_media":0,"comment_status":"open","ping_status":"closed","sticky":false,"template":"","format":"standard","meta":{"footnotes":""},"categories":[50,67,7,395],"tags":[305],"class_list":["post-26706","post","type-post","status-publish","format-standard","hentry","category-dreisamtal","category-naturschutz","category-tourismus","category-wind","tag-windkraft"],"_links":{"self":[{"href":"https:\/\/www.freiburg-schwarzwald.de\/blog\/wp-json\/wp\/v2\/posts\/26706","targetHints":{"allow":["GET"]}}],"collection":[{"href":"https:\/\/www.freiburg-schwarzwald.de\/blog\/wp-json\/wp\/v2\/posts"}],"about":[{"href":"https:\/\/www.freiburg-schwarzwald.de\/blog\/wp-json\/wp\/v2\/types\/post"}],"author":[{"embeddable":true,"href":"https:\/\/www.freiburg-schwarzwald.de\/blog\/wp-json\/wp\/v2\/users\/4"}],"replies":[{"embeddable":true,"href":"https:\/\/www.freiburg-schwarzwald.de\/blog\/wp-json\/wp\/v2\/comments?post=26706"}],"version-history":[{"count":0,"href":"https:\/\/www.freiburg-schwarzwald.de\/blog\/wp-json\/wp\/v2\/posts\/26706\/revisions"}],"wp:attachment":[{"href":"https:\/\/www.freiburg-schwarzwald.de\/blog\/wp-json\/wp\/v2\/media?parent=26706"}],"wp:term":[{"taxonomy":"category","embeddable":true,"href":"https:\/\/www.freiburg-schwarzwald.de\/blog\/wp-json\/wp\/v2\/categories?post=26706"},{"taxonomy":"post_tag","embeddable":true,"href":"https:\/\/www.freiburg-schwarzwald.de\/blog\/wp-json\/wp\/v2\/tags?post=26706"}],"curies":[{"name":"wp","href":"https:\/\/api.w.org\/{rel}","templated":true}]}}