{"id":26656,"date":"2013-04-10T09:16:54","date_gmt":"2013-04-10T07:16:54","guid":{"rendered":"https:\/\/www.freiburg-schwarzwald.de\/blog\/?p=26656"},"modified":"2013-04-10T09:16:54","modified_gmt":"2013-04-10T07:16:54","slug":"marathon-mit-kinderwagen","status":"publish","type":"post","link":"https:\/\/www.freiburg-schwarzwald.de\/blog\/marathon-mit-kinderwagen\/","title":{"rendered":"Marathon mit Kinderwagen"},"content":{"rendered":"<p>Einer der sch\u00f6nsten Abschnitte des <a title=\"Marathon\" href=\"https:\/\/www.freiburg-schwarzwald.de\/blog\/sport\/sportlern\/laufen\/marathon\/\">Freiburg-Marathons<\/a>\u00a0ist die Strecke am <a title=\"Dreisamuferweg\" href=\"https:\/\/www.freiburg-schwarzwald.de\/blog\/regio\/verkehr\/fahrradwege\/dreisamuferweg\/\">Dreisamufer<\/a> zwischen Sandfang und SC-Stadion. Da wird der Stadtlauf zum Landschaftslauf, da zieht sich das Feld auseinander, da wird aus dem dichten Pulk, der sich vorhin noch durchs Schwabentor zw\u00e4ngte, ein langer Faden von sympathischen Individuen mit bunten Accesoirs: Bollenhut (auf M\u00e4nnerkopf), Fotoapparat (L\u00e4ufer knipst Zuschauer), hunderte von Maskottchen, Barfu\u00dfl\u00e4ufer und <a title=\"Marathon\" href=\"https:\/\/www.freiburg-schwarzwald.de\/blog\/sport\/sportlern\/laufen\/marathon\/\">Kinderwagen<\/a>. Nur Handys habe ich keine gesehen &#8211; sehr positiv!<\/p>\n","protected":false},"excerpt":{"rendered":"<p>Einer der sch\u00f6nsten Abschnitte des Freiburg-Marathons\u00a0ist die Strecke am Dreisamufer zwischen Sandfang und SC-Stadion. Da wird der Stadtlauf zum Landschaftslauf, da zieht sich das Feld auseinander, da wird aus dem dichten Pulk, der sich vorhin noch durchs Schwabentor zw\u00e4ngte, ein &hellip; <a href=\"https:\/\/www.freiburg-schwarzwald.de\/blog\/marathon-mit-kinderwagen\/\">Weiterlesen <span class=\"meta-nav\">&rarr;<\/span><\/a><\/p>\n","protected":false},"author":4,"featured_media":0,"comment_status":"open","ping_status":"closed","sticky":false,"template":"","format":"standard","meta":{"footnotes":""},"categories":[49,72,124],"tags":[70,340],"class_list":["post-26656","post","type-post","status-publish","format-standard","hentry","category-freiburg","category-sportlern","category-sportvereine-vereine","tag-jugendsport","tag-laufen"],"_links":{"self":[{"href":"https:\/\/www.freiburg-schwarzwald.de\/blog\/wp-json\/wp\/v2\/posts\/26656","targetHints":{"allow":["GET"]}}],"collection":[{"href":"https:\/\/www.freiburg-schwarzwald.de\/blog\/wp-json\/wp\/v2\/posts"}],"about":[{"href":"https:\/\/www.freiburg-schwarzwald.de\/blog\/wp-json\/wp\/v2\/types\/post"}],"author":[{"embeddable":true,"href":"https:\/\/www.freiburg-schwarzwald.de\/blog\/wp-json\/wp\/v2\/users\/4"}],"replies":[{"embeddable":true,"href":"https:\/\/www.freiburg-schwarzwald.de\/blog\/wp-json\/wp\/v2\/comments?post=26656"}],"version-history":[{"count":0,"href":"https:\/\/www.freiburg-schwarzwald.de\/blog\/wp-json\/wp\/v2\/posts\/26656\/revisions"}],"wp:attachment":[{"href":"https:\/\/www.freiburg-schwarzwald.de\/blog\/wp-json\/wp\/v2\/media?parent=26656"}],"wp:term":[{"taxonomy":"category","embeddable":true,"href":"https:\/\/www.freiburg-schwarzwald.de\/blog\/wp-json\/wp\/v2\/categories?post=26656"},{"taxonomy":"post_tag","embeddable":true,"href":"https:\/\/www.freiburg-schwarzwald.de\/blog\/wp-json\/wp\/v2\/tags?post=26656"}],"curies":[{"name":"wp","href":"https:\/\/api.w.org\/{rel}","templated":true}]}}