{"id":26606,"date":"2013-04-09T11:48:52","date_gmt":"2013-04-09T09:48:52","guid":{"rendered":"https:\/\/www.freiburg-schwarzwald.de\/blog\/?p=26606"},"modified":"2013-04-09T11:48:52","modified_gmt":"2013-04-09T09:48:52","slug":"imkerverein-fr-lothar-daehn","status":"publish","type":"post","link":"https:\/\/www.freiburg-schwarzwald.de\/blog\/imkerverein-fr-lothar-daehn\/","title":{"rendered":"Imkerverein FR &#8211; Lothar Daehn"},"content":{"rendered":"<p>Lothar D\u00e4hn aus Haslach ist der neue Vorsitzende des <a title=\"Imker\" href=\"https:\/\/www.freiburg-schwarzwald.de\/blog\/business\/handwerk\/imker\/\">Imkervereins Freiburg<\/a>. Er l\u00f6st Andreas Wolfangel ab, der dieses Amt zwei Jahre lang innehatte, nun aus beruflichen und famili\u00e4ren Gr\u00fcnden zur\u00fcckgetreten ist, aber im Verein engagiert bleibt. D\u00e4hn hat bisher schon den Lehrbienenstand des Vereins in Lehen (Silberhof 3)geleitet, wo sich angehende Imkerinnen und Imker mit der Bienenhaltung vertraut machen.<!--more--><\/p>\n<p>Auch in diesem Fr\u00fchjahr haben sich wieder mehr als 30 Frauen und M\u00e4nner f\u00fcr den Einf\u00fchrungskurs angemeldet \u2013 so viele, dass der Verein gar nicht alle aufnehmen konnte. Offenbar ist die Imkerei im Kommen. Lothar D\u00e4hn nickt und sagt: &#8222;Wir vermuten, dass das Bienensterben im Fr\u00fchjahr 2008 dieses gro\u00dfe Interesse ausgel\u00f6st hat. Es wurde viel \u00fcber Bienen ver\u00f6ffentlicht. Dazu kommt der allgemeine Trend, wonach viele Leute wissen wollen, woher die Lebensmittel kommen, und das Geschehen in der Natur begreifen wollen.&#8220; Auch ihm ist es so ergangen. Vor sechs Jahren war ein gro\u00dfer Ast eines fast hundert Jahre alten Walnussbaumes in D\u00e4hns Garten in Haslach herabgest\u00fcrzt. Im hohlen Inneren fand er die Wohnstatt eines gro\u00dfen Bienenvolkes, das im Honig schwelgte. Davon fasziniert, wollte D\u00e4hn mehr \u00fcber Bienen wissen und absolvierte den Einf\u00fchrungskurs. Mittlerweile ist die Imkerei sein wichtigstes Hobby, dessen Ertrag die ganze Familie begeistert. Der 64-J\u00e4hrige ist verheiratet, Vater zweier erwachsener Kinder und Gro\u00dfvater eines Enkels. F\u00fcr D\u00e4hn ist die Imkerei auch ein Ausgleich zum Beruf, als Elektromeister k\u00fcmmert er sich um die Haustechnik in den H\u00e4usern der Freiburger Stiftungsverwaltung. Natur pur, das ist die Imkerei tats\u00e4chlich. &#8222;Denn ein Imker gewinnt nur dann Honig, wenn er die nat\u00fcrliche Lebens- und Funktionsweise sowie die Bed\u00fcrfnisse und Entwicklungszyklen eines Bienenvolkes versteht und bestm\u00f6glich f\u00f6rdert&#8220;, erkl\u00e4rt D\u00e4hn. Andererseits ist es die Natur, die Grenzen setzt. So macht die anhaltende Fr\u00fchjahrsk\u00e4lte in diesem Jahr den Honigbienen geh\u00f6rig zu schaffen.<br \/>\nDenn wenn es k\u00e4lter als zw\u00f6lf Grad Celsius ist, fliegen sie nicht aus, und die K\u00f6niginnen legen keine Eier. Die Tiere w\u00fcrden auch kaum Nahrung finden. Abgesehen von den Weiden und der ein oder anderen Narzisse bl\u00fcht noch nichts. Und Bl\u00fcten sind es eben, die Bienen anfliegen, um Nektar und Pollen zu sammeln. Eine Honigbiene macht am Tag bis zu 40 Ausfl\u00fcge und besucht dabei ungef\u00e4hr 4000 Bl\u00fcten. Nebenbei verteilt sie Bl\u00fctenstaub und sorgt auf diese Weise f\u00fcr die Befruchtung. Bei Kirschen etwa g\u00e4be es ohne Bienen nur eine kleine Ernte. Dieser Nebeneffekt bleibt von den Bienen selbst unbeachtet. Von Natur aus geht es ihnen nur darum, ihr Volk zu vergr\u00f6\u00dfern. Honig bilden sie als Wintervorrat. Abgesehen von Nektar und Pollen saugen die Bienen auch die s\u00fc\u00dfen Ausscheidungen von Blattl\u00e4usen auf, woraus der Wald- und der Tannenhonig entsteht. Im mehrj\u00e4hrigen Schnitt erbringt ein Volk 30 Kilogramm Honig. Im Vorjahr war es landesweit allerdings kaum die H\u00e4lfte, weil die Obstbl\u00fcte im April und Mai aufgrund der frostigen Temperaturen ohne Beteiligung der Bienen abgelaufen war und auch der Wald kaum &#8222;gehonigt&#8220; habe, erz\u00e4hlt Lothar D\u00e4hn. Eigene V\u00f6lker besitzt er nicht, er verantwortet jedoch das Wohl der V\u00f6lker des Vereins beim Lehrbienenstand. 15 sind es zur Zeit, drei haben den Winter nicht \u00fcberstanden. Sie sind wahrscheinlich verhungert. Zwar versorgen die Imker die Bienen im Herbst mit Zuckerl\u00f6sung, weil sie ihnen ja den Honig nehmen. &#8222;Wenn die Tiere aber \u00fcber Monate hinweg damit besch\u00e4ftigt sind, sich und die K\u00f6nigin warmzuhalten, kann es sein, dass sie irgendwann so geschw\u00e4cht sind, dass sie gar kein Futter mehr aufnehmen k\u00f6nnen&#8220;, erkl\u00e4rt D\u00e4hn.<br \/>\n9.4.2013, Silvia Faller<\/p>\n<p>Imkerverein Freiburg, 256 Mitglieder<br \/>\nVorsitzender Lothar D\u00e4hn (f\u00fcr Andreas Wolfangel).<br \/>\n<a title=\"\" href=\"mailto:lothar.daehn@gmx.de\" target=\"_blank\">lothar.daehn@gmx.de<\/a>, \u2005Tel 0761\/4765903. <!-- RSPEAK_STOP --><\/p>\n","protected":false},"excerpt":{"rendered":"<p>Lothar D\u00e4hn aus Haslach ist der neue Vorsitzende des Imkervereins Freiburg. Er l\u00f6st Andreas Wolfangel ab, der dieses Amt zwei Jahre lang innehatte, nun aus beruflichen und famili\u00e4ren Gr\u00fcnden zur\u00fcckgetreten ist, aber im Verein engagiert bleibt. D\u00e4hn hat bisher schon &hellip; <a href=\"https:\/\/www.freiburg-schwarzwald.de\/blog\/imkerverein-fr-lothar-daehn\/\">Weiterlesen <span class=\"meta-nav\">&rarr;<\/span><\/a><\/p>\n","protected":false},"author":4,"featured_media":0,"comment_status":"open","ping_status":"closed","sticky":false,"template":"","format":"standard","meta":{"footnotes":""},"categories":[36,136,67,11,6],"tags":[529],"class_list":["post-26606","post","type-post","status-publish","format-standard","hentry","category-engagement","category-flora","category-naturschutz","category-regio","category-vereine","tag-imker-2"],"_links":{"self":[{"href":"https:\/\/www.freiburg-schwarzwald.de\/blog\/wp-json\/wp\/v2\/posts\/26606","targetHints":{"allow":["GET"]}}],"collection":[{"href":"https:\/\/www.freiburg-schwarzwald.de\/blog\/wp-json\/wp\/v2\/posts"}],"about":[{"href":"https:\/\/www.freiburg-schwarzwald.de\/blog\/wp-json\/wp\/v2\/types\/post"}],"author":[{"embeddable":true,"href":"https:\/\/www.freiburg-schwarzwald.de\/blog\/wp-json\/wp\/v2\/users\/4"}],"replies":[{"embeddable":true,"href":"https:\/\/www.freiburg-schwarzwald.de\/blog\/wp-json\/wp\/v2\/comments?post=26606"}],"version-history":[{"count":0,"href":"https:\/\/www.freiburg-schwarzwald.de\/blog\/wp-json\/wp\/v2\/posts\/26606\/revisions"}],"wp:attachment":[{"href":"https:\/\/www.freiburg-schwarzwald.de\/blog\/wp-json\/wp\/v2\/media?parent=26606"}],"wp:term":[{"taxonomy":"category","embeddable":true,"href":"https:\/\/www.freiburg-schwarzwald.de\/blog\/wp-json\/wp\/v2\/categories?post=26606"},{"taxonomy":"post_tag","embeddable":true,"href":"https:\/\/www.freiburg-schwarzwald.de\/blog\/wp-json\/wp\/v2\/tags?post=26606"}],"curies":[{"name":"wp","href":"https:\/\/api.w.org\/{rel}","templated":true}]}}