{"id":25989,"date":"2013-03-28T08:49:30","date_gmt":"2013-03-28T07:49:30","guid":{"rendered":"https:\/\/www.freiburg-schwarzwald.de\/blog\/?p=25989"},"modified":"2013-03-30T08:51:41","modified_gmt":"2013-03-30T07:51:41","slug":"halstrup-walcher-schuelerhaus","status":"publish","type":"post","link":"https:\/\/www.freiburg-schwarzwald.de\/blog\/halstrup-walcher-schuelerhaus\/","title":{"rendered":"halstrup-walcher &#8211; Schuelerhaus"},"content":{"rendered":"<p>Die Freude war bei Christiane Kramer und Stefan Saumer vom Vorstand des \u201e<a title=\"Schuelerhaus\" href=\"https:\/\/www.freiburg-schwarzwald.de\/blog\/regio\/orte\/kirchzarten\/schuelerhaus\/\">Sch\u00fclerhaus Dreisamtal e.V.\u201c<\/a>\u00a0jetzt gro\u00df. Schlie\u00dflich hatten wenigstens drei von 50 angeschriebenen Dreisamt\u00e4ler Unternehmen auf die Bitte um finanzielle Unterst\u00fctzung positiv reagiert. Und die <a title=\"Spende\" href=\"https:\/\/www.freiburg-schwarzwald.de\/blog\/engagement\/spende\/\">Spende<\/a> von <a title=\"Industrie\" href=\"https:\/\/www.freiburg-schwarzwald.de\/blog\/business\/industrie\/\">\u201ehalstrup-walcher\u201c, <\/a>dem Messtechnik-Spezialisten aus Kirchzarten, fiel gro\u00dfz\u00fcgig aus. Jeweils 1.000 Euro f\u00fcr 2013 und 2014 <!--more-->\u00fcberreichte Gesch\u00e4ftsf\u00fchrer Jens Amberg jetzt an den Sch\u00fclerhaus-Vorstand. Er unterstrich dabei, dass sich \u201ehalstrup-walcher\u201c mit seinen Positioniersystemen f\u00fcr den Maschinenbau, der Druckmesstechnik f\u00fcr Reinraum und Klima sowie L\u00f6sungen rund um Stirnradgetriebe und Stellantriebe mit seinen 120 Mitarbeitenden weltweit einen Namen gemacht hat. Deshalb wolle sich das Unternehmen auch sozial und regional engagieren: \u201eDas Sch\u00fclerhaus hilft vielen \u2013 und gute Sch\u00fcler k\u00f6nnen wir als zuk\u00fcnftige Mitarbeiter immer gebrauchen.\u201c<\/p>\n<p><a href=\"https:\/\/www.freiburg-schwarzwald.de\/blog\/halstrup-walcher-schuelerhaus\/halstrup-schuelerhaus1303\/\" rel=\"attachment wp-att-25990\"><img loading=\"lazy\" decoding=\"async\" class=\"alignnone size-thumbnail wp-image-25990\" title=\"halstrup-schuelerhaus1303\" src=\"https:\/\/www.freiburg-schwarzwald.de\/blog\/wp-content\/uploads\/2013\/03\/halstrup-schuelerhaus1303-180x118.jpg\" alt=\"\" width=\"180\" height=\"118\" srcset=\"https:\/\/www.freiburg-schwarzwald.de\/blog\/wp-content\/uploads\/2013\/03\/halstrup-schuelerhaus1303-180x118.jpg 180w, https:\/\/www.freiburg-schwarzwald.de\/blog\/wp-content\/uploads\/2013\/03\/halstrup-schuelerhaus1303.jpg 640w\" sizes=\"auto, (max-width: 180px) 100vw, 180px\" \/><\/a>\u00a0<\/p>\n<p>Jens Amberg, Gesch\u00e4ftsf\u00fchrer bei \u201ehalstrup-walcher\u201c, \u00fcberreichte einen Scheck an Christiane Kramer und Stefan Saumer (v.l.) zur Unterhaltung des \u201eSch\u00fclerhaus Dreisamtal\u201c.\u00a0Foto: Gerhard L\u00fcck<\/p>\n<p>Saumer und Kramer dankten herzlich f\u00fcr die 2.000 Euro, die sie f\u00fcr den laufenden Unterhalt des Sch\u00fclerhauses sowie f\u00fcr Neuanschaffungen wie Sonnenschirme und H\u00e4ngematten bestens einsetzen k\u00f6nnen. Sie erinnerten an die Grundlagen des Sch\u00fclerhauses: \u201eDas Geb\u00e4ude und die Au\u00dfenanlagen wurden von uns mit Unterst\u00fctzung der regionalen Unternehmen und der \u00f6ffentlichen Hand gebaut und geh\u00f6ren nun den Schultr\u00e4gern. Der Verein nutzt sie kostenfrei. Einzige Bedingung ist, den laufenden Betrieb durch den Verein zu gew\u00e4hrleisten.\u201c Der gemeinn\u00fctzige Verein Sch\u00fclerhaus Dreisamtal e.V. sei f\u00fcr Unterhalt, Betrieb sowie Organisation und Durchf\u00fchrung der Betreuungsangebote alleinverantwortlich. Das geschehe gr\u00f6\u00dftenteils ehrenamtlich. \u201eDie Kosten f\u00fcr Strom, Wasser, Putzen, M\u00fcllabfuhr, Instandhaltung und alle anderen Unterhaltsarbeiten m\u00fcssen wir alleine stemmen\u201c, so die beiden Vorstandsleute, \u201eder Idealismus und das Engagement der Anfangszeit tragen das Haus noch immer. Doch ohne Sponsoring und Spenden wird es schwerer.\u201c<br \/>\n28.3.2013, Gerhard L\u00fcck, <a href=\"https:\/\/www.dreisamtaeler.de\">www.dreisamtaeler.de<\/a><\/p>\n<p>&nbsp;<\/p>\n<p>&nbsp;<\/p>\n","protected":false},"excerpt":{"rendered":"<p>Die Freude war bei Christiane Kramer und Stefan Saumer vom Vorstand des \u201eSch\u00fclerhaus Dreisamtal e.V.\u201c\u00a0jetzt gro\u00df. Schlie\u00dflich hatten wenigstens drei von 50 angeschriebenen Dreisamt\u00e4ler Unternehmen auf die Bitte um finanzielle Unterst\u00fctzung positiv reagiert. Und die Spende von \u201ehalstrup-walcher\u201c, dem Messtechnik-Spezialisten &hellip; <a href=\"https:\/\/www.freiburg-schwarzwald.de\/blog\/halstrup-walcher-schuelerhaus\/\">Weiterlesen <span class=\"meta-nav\">&rarr;<\/span><\/a><\/p>\n","protected":false},"author":4,"featured_media":0,"comment_status":"open","ping_status":"closed","sticky":false,"template":"","format":"standard","meta":{"footnotes":""},"categories":[24,161],"tags":[495,270],"class_list":["post-25989","post","type-post","status-publish","format-standard","hentry","category-industrie","category-spende","tag-schueler","tag-gift"],"_links":{"self":[{"href":"https:\/\/www.freiburg-schwarzwald.de\/blog\/wp-json\/wp\/v2\/posts\/25989","targetHints":{"allow":["GET"]}}],"collection":[{"href":"https:\/\/www.freiburg-schwarzwald.de\/blog\/wp-json\/wp\/v2\/posts"}],"about":[{"href":"https:\/\/www.freiburg-schwarzwald.de\/blog\/wp-json\/wp\/v2\/types\/post"}],"author":[{"embeddable":true,"href":"https:\/\/www.freiburg-schwarzwald.de\/blog\/wp-json\/wp\/v2\/users\/4"}],"replies":[{"embeddable":true,"href":"https:\/\/www.freiburg-schwarzwald.de\/blog\/wp-json\/wp\/v2\/comments?post=25989"}],"version-history":[{"count":0,"href":"https:\/\/www.freiburg-schwarzwald.de\/blog\/wp-json\/wp\/v2\/posts\/25989\/revisions"}],"wp:attachment":[{"href":"https:\/\/www.freiburg-schwarzwald.de\/blog\/wp-json\/wp\/v2\/media?parent=25989"}],"wp:term":[{"taxonomy":"category","embeddable":true,"href":"https:\/\/www.freiburg-schwarzwald.de\/blog\/wp-json\/wp\/v2\/categories?post=25989"},{"taxonomy":"post_tag","embeddable":true,"href":"https:\/\/www.freiburg-schwarzwald.de\/blog\/wp-json\/wp\/v2\/tags?post=25989"}],"curies":[{"name":"wp","href":"https:\/\/api.w.org\/{rel}","templated":true}]}}